{"id":30268,"date":"2026-04-23T14:18:21","date_gmt":"2026-04-23T17:18:21","guid":{"rendered":"https:\/\/adorocupom.com\/blog\/?p=30268"},"modified":"2026-04-23T14:18:23","modified_gmt":"2026-04-23T17:18:23","slug":"eletroportateis-ate-r-300-12-opcoes-que-compensam","status":"publish","type":"post","link":"https:\/\/adorocupom.com\/blog\/eletroportateis-ate-r-300-12-opcoes-que-compensam\/","title":{"rendered":"Eletroport\u00e1teis at\u00e9 R$ 300: 12 Op\u00e7\u00f5es que Compensam"},"content":{"rendered":"\n<p>Sabe aquela sensa\u00e7\u00e3o boa de comprar um aparelho barato, colocar na tomada e perceber que ele acabou de resolver um problem\u00e3o na sua rotina? \u00c9 exatamente essa a proposta aqui.<\/p>\n\n\n\n<p>Muitas pessoas acreditam que, para equipar a cozinha ou facilitar a faxina, \u00e9 preciso estourar o limite do cart\u00e3o de cr\u00e9dito. Mas se voc\u00ea souber exatamente onde procurar, o Magalu esconde verdadeiras joias na categoria de eletroport\u00e1teis por menos de R$ 300.<\/p>\n\n\n\n<p><em>Confira <strong><a href=\"https:\/\/adorocupom.com\/cupons-de-desconto\/magazine-luiza\/\" target=\"_blank\" rel=\"noreferrer noopener sponsored nofollow\">cupons e ofertas no Magazine Luiza<\/a><\/strong> e economize na compra de eletroport\u00e1teis.<\/em><\/p>\n\n\n\n<h2 class=\"wp-block-heading\">1. <a href=\"https:\/\/www.magazinevoce.com.br\/magazinejosefelipe1998\/aspirador-de-po-vertical-com-fio-electrolux-1450w-2-em-1-filtro-hepa-branco-stk14b\/p\/jj2hjc21ad\/ep\/apdv\/?seller_id=electrolux\" target=\"_blank\" rel=\"noreferrer noopener sponsored nofollow\">Aspirador Vertical com Fio Electrolux (STK14B)<\/a><\/h2>\n\n\n\n<figure class=\"wp-block-image size-full is-resized\"><img loading=\"lazy\" decoding=\"async\" width=\"560\" height=\"560\" src=\"https:\/\/adorocupom.com\/blog\/wp-content\/uploads\/2026\/04\/aspirador-de-po-vertical-1450w.webp\" alt=\"\" class=\"wp-image-30281\" style=\"width:348px;height:auto\" srcset=\"https:\/\/adorocupom.com\/blog\/wp-content\/uploads\/2026\/04\/aspirador-de-po-vertical-1450w.webp 560w, https:\/\/adorocupom.com\/blog\/wp-content\/uploads\/2026\/04\/aspirador-de-po-vertical-1450w-300x300.webp 300w, https:\/\/adorocupom.com\/blog\/wp-content\/uploads\/2026\/04\/aspirador-de-po-vertical-1450w-150x150.webp 150w\" sizes=\"auto, (max-width: 560px) 100vw, 560px\" \/><\/figure>\n\n\n\n<p>Esque\u00e7a a vassoura. Por menos de R$ 200, esse aspirador vertical 2 em 1 \u00e9 um monstro na limpeza di\u00e1ria. Ele \u00e9 leve, tem um poder de suc\u00e7\u00e3o impressionante para poeira e pelos de pet, e alcan\u00e7a cantos que voc\u00ea nem lembrava que existiam na sua casa.<\/p>\n\n\n\n<h2 class=\"wp-block-heading\">2. <a href=\"https:\/\/www.magazinevoce.com.br\/magazinejosefelipe1998\/mixer-eletrico-com-processador-wap-inox-prosdocimo-wm1-turbo-3-em-1-com-batedor-de-claras-4-laminas-miniprocessador-220v\/p\/febec41j2c\/ep\/mmix\/?seller_id=gotagua\" target=\"_blank\" rel=\"noreferrer noopener sponsored nofollow\">Mixer 3 em 1 WAP Inox<\/a><\/h2>\n\n\n\n<figure class=\"wp-block-image size-full is-resized\"><img loading=\"lazy\" decoding=\"async\" width=\"500\" height=\"500\" src=\"https:\/\/adorocupom.com\/blog\/wp-content\/uploads\/2026\/04\/mixer-eletrico-3-em-1.webp\" alt=\"\" class=\"wp-image-30280\" style=\"width:287px;height:auto\" srcset=\"https:\/\/adorocupom.com\/blog\/wp-content\/uploads\/2026\/04\/mixer-eletrico-3-em-1.webp 500w, https:\/\/adorocupom.com\/blog\/wp-content\/uploads\/2026\/04\/mixer-eletrico-3-em-1-300x300.webp 300w, https:\/\/adorocupom.com\/blog\/wp-content\/uploads\/2026\/04\/mixer-eletrico-3-em-1-150x150.webp 150w\" sizes=\"auto, (max-width: 500px) 100vw, 500px\" \/><\/figure>\n\n\n\n<p>Por que ocupar espa\u00e7o com v\u00e1rios aparelhos se um s\u00f3 resolve tudo? Esse mixer bate, tritura e mistura. Com haste em inox (o que permite bater sopas quentes direto na panela) e copo processador, ele custa na faixa de R$ 250 a R$ 280 e substitui trituradores caros.<\/p>\n\n\n\n<h2 class=\"wp-block-heading\">3. <a href=\"https:\/\/www.magazinevoce.com.br\/magazinejosefelipe1998\/busca\/air+fryer+compacta\/?filters=price---1880%3A30000\" target=\"_blank\" rel=\"noreferrer noopener sponsored nofollow\">Air Fryer Compacta<\/a> <\/h2>\n\n\n\n<figure class=\"wp-block-image size-full is-resized\"><img loading=\"lazy\" decoding=\"async\" width=\"666\" height=\"560\" src=\"https:\/\/adorocupom.com\/blog\/wp-content\/uploads\/2026\/04\/air-fryer-eos-fritadeira.webp\" alt=\"\" class=\"wp-image-30279\" style=\"width:281px;height:auto\" srcset=\"https:\/\/adorocupom.com\/blog\/wp-content\/uploads\/2026\/04\/air-fryer-eos-fritadeira.webp 666w, https:\/\/adorocupom.com\/blog\/wp-content\/uploads\/2026\/04\/air-fryer-eos-fritadeira-300x252.webp 300w\" sizes=\"auto, (max-width: 666px) 100vw, 666px\" \/><\/figure>\n\n\n\n<p>Sim, \u00e9 perfeitamente poss\u00edvel comprar uma Air Fryer novinha por menos de R$ 300 se voc\u00ea pegar as promo\u00e7\u00f5es certas no Magalu. Os modelos de 3 a 3,5 litros s\u00e3o ideais para quem mora sozinho ou para casais. Fritam r\u00e1pido, gastam menos energia e ocupam pouco espa\u00e7o na bancada.<\/p>\n\n\n\n<h2 class=\"wp-block-heading\">4. <a href=\"https:\/\/www.magazinevoce.com.br\/magazinejosefelipe1998\/busca\/panela+eletrica+de+arroz+britania+prime\/\" target=\"_blank\" rel=\"noreferrer noopener sponsored nofollow\">Panela El\u00e9trica de Arroz Brit\u00e2nia Prime<\/a><\/h2>\n\n\n\n<figure class=\"wp-block-image size-full is-resized\"><img loading=\"lazy\" decoding=\"async\" width=\"747\" height=\"560\" src=\"https:\/\/adorocupom.com\/blog\/wp-content\/uploads\/2026\/04\/panela-de-arroz-eletrica-britania-pa5.webp\" alt=\"\" class=\"wp-image-30278\" style=\"width:278px;height:auto\" srcset=\"https:\/\/adorocupom.com\/blog\/wp-content\/uploads\/2026\/04\/panela-de-arroz-eletrica-britania-pa5.webp 747w, https:\/\/adorocupom.com\/blog\/wp-content\/uploads\/2026\/04\/panela-de-arroz-eletrica-britania-pa5-300x225.webp 300w, https:\/\/adorocupom.com\/blog\/wp-content\/uploads\/2026\/04\/panela-de-arroz-eletrica-britania-pa5-80x60.webp 80w\" sizes=\"auto, (max-width: 747px) 100vw, 747px\" \/><\/figure>\n\n\n\n<p>Essa panela faz arroz soltinho sem voc\u00ea precisar vigiar o fog\u00e3o, mas tamb\u00e9m cozinha legumes no vapor e faz at\u00e9 macarr\u00e3o. Custa em m\u00e9dia R$ 140 a R$ 220 e dura uma vida inteira.<\/p>\n\n\n\n<h2 class=\"wp-block-heading\">5. <a href=\"https:\/\/www.magazinevoce.com.br\/magazinejosefelipe1998\/busca\/liquidificador+mondial+turbo+power\/\" target=\"_blank\" rel=\"noreferrer noopener sponsored nofollow\">Liquidificador Mondial Turbo Power<\/a><\/h2>\n\n\n\n<figure class=\"wp-block-image size-full is-resized\"><img loading=\"lazy\" decoding=\"async\" width=\"747\" height=\"560\" src=\"https:\/\/adorocupom.com\/blog\/wp-content\/uploads\/2026\/04\/luqidificadpr-mondial-turbo-power-l-99.webp\" alt=\"\" class=\"wp-image-30277\" style=\"width:373px;height:auto\" srcset=\"https:\/\/adorocupom.com\/blog\/wp-content\/uploads\/2026\/04\/luqidificadpr-mondial-turbo-power-l-99.webp 747w, https:\/\/adorocupom.com\/blog\/wp-content\/uploads\/2026\/04\/luqidificadpr-mondial-turbo-power-l-99-300x225.webp 300w, https:\/\/adorocupom.com\/blog\/wp-content\/uploads\/2026\/04\/luqidificadpr-mondial-turbo-power-l-99-80x60.webp 80w\" sizes=\"auto, (max-width: 747px) 100vw, 747px\" \/><\/figure>\n\n\n\n<p>Voc\u00ea n\u00e3o precisa de um liquidificador de mil reais para fazer uma vitamina ou bater uma massa de bolo. Com mais de 500W de pot\u00eancia e copo super resistente, esse modelo entrega tudo o que promete por cerca de R$ 120 a R$ 150. \u00c9 o rei do custo-benef\u00edcio.<\/p>\n\n\n\n<h2 class=\"wp-block-heading\">6. <a href=\"https:\/\/www.magazinevoce.com.br\/magazinejosefelipe1998\/cafeteira-eletrica-cadence-desperta-contrast\/p\/eka7d92gfk\/ep\/cafe\/?seller_id=oficialcadence\" target=\"_blank\" rel=\"noreferrer noopener sponsored nofollow\">Cafeteira El\u00e9trica Cadence Desperta<\/a><\/h2>\n\n\n\n<figure class=\"wp-block-image size-full is-resized\"><img loading=\"lazy\" decoding=\"async\" width=\"560\" height=\"560\" src=\"https:\/\/adorocupom.com\/blog\/wp-content\/uploads\/2026\/04\/cafeteira-eletrica-cadence-desperta-contrast.webp\" alt=\"\" class=\"wp-image-30276\" style=\"width:247px;height:auto\" srcset=\"https:\/\/adorocupom.com\/blog\/wp-content\/uploads\/2026\/04\/cafeteira-eletrica-cadence-desperta-contrast.webp 560w, https:\/\/adorocupom.com\/blog\/wp-content\/uploads\/2026\/04\/cafeteira-eletrica-cadence-desperta-contrast-300x300.webp 300w, https:\/\/adorocupom.com\/blog\/wp-content\/uploads\/2026\/04\/cafeteira-eletrica-cadence-desperta-contrast-150x150.webp 150w\" sizes=\"auto, (max-width: 560px) 100vw, 560px\" \/><\/figure>\n\n\n\n<p>Para quem precisa de caf\u00e9 quente a manh\u00e3 toda sem gastar com c\u00e1psulas. Essa cafeteira \u00e9 compacta, tem base que mant\u00e9m o caf\u00e9 aquecido e filtro lav\u00e1vel. O pre\u00e7o? Muitas vezes abaixo dos R$ 120. Simples e extremamente funcional.<\/p>\n\n\n\n<h2 class=\"wp-block-heading\">7. <a href=\"https:\/\/www.magazinevoce.com.br\/magazinejosefelipe1998\/mini-processador-black-decker-tigela-vidro-gourmand-300w-220v-black-decker\/p\/cj01h0e229\/ud\/prcm\/?seller_id=casadocooktop\" target=\"_blank\" rel=\"noreferrer noopener sponsored nofollow\">Mini Processador Black+Decker Gourmand<\/a><\/h2>\n\n\n\n<figure class=\"wp-block-image size-full is-resized\"><img loading=\"lazy\" decoding=\"async\" width=\"662\" height=\"560\" src=\"https:\/\/adorocupom.com\/blog\/wp-content\/uploads\/2026\/04\/mini-processador-black-decker.webp\" alt=\"\" class=\"wp-image-30275\" style=\"width:350px;height:auto\" srcset=\"https:\/\/adorocupom.com\/blog\/wp-content\/uploads\/2026\/04\/mini-processador-black-decker.webp 662w, https:\/\/adorocupom.com\/blog\/wp-content\/uploads\/2026\/04\/mini-processador-black-decker-300x254.webp 300w\" sizes=\"auto, (max-width: 662px) 100vw, 662px\" \/><\/figure>\n\n\n\n<p>Aqui est\u00e1 o segredo para nunca mais chorar cortando cebola. Esse pequeno not\u00e1vel custa em torno de R$ 260 e fatia, rala e pica temperos em segundos. Se voc\u00ea gosta de cozinhar, mas odeia a parte de preparar os ingredientes, esse aparelho \u00e9 obrigat\u00f3rio.<\/p>\n\n\n\n<h2 class=\"wp-block-heading\">8. <a href=\"https:\/\/www.magazinevoce.com.br\/magazinejosefelipe1998\/busca\/sanduicheira+e+grill+elgin+brunch+time\/\" target=\"_blank\" rel=\"noreferrer noopener sponsored nofollow\">Sanduicheira e Grill Elgin Brunch Time<\/a><\/h2>\n\n\n\n<figure class=\"wp-block-image size-full is-resized\"><img loading=\"lazy\" decoding=\"async\" width=\"743\" height=\"560\" src=\"https:\/\/adorocupom.com\/blog\/wp-content\/uploads\/2026\/04\/sanduicheira-e-grill-elgin-break-time.webp\" alt=\"\" class=\"wp-image-30274\" style=\"width:348px;height:auto\" srcset=\"https:\/\/adorocupom.com\/blog\/wp-content\/uploads\/2026\/04\/sanduicheira-e-grill-elgin-break-time.webp 743w, https:\/\/adorocupom.com\/blog\/wp-content\/uploads\/2026\/04\/sanduicheira-e-grill-elgin-break-time-300x226.webp 300w, https:\/\/adorocupom.com\/blog\/wp-content\/uploads\/2026\/04\/sanduicheira-e-grill-elgin-break-time-80x60.webp 80w\" sizes=\"auto, (max-width: 743px) 100vw, 743px\" \/><\/figure>\n\n\n\n<p>Nada de p\u00e3o frio. Essa sanduicheira tamb\u00e9m funciona como mini grill. Grelha frango, queijo coalho e faz lanches perfeitos. O revestimento antiaderente \u00e9 excelente e o valor costuma ficar na casa dos R$ 100.<\/p>\n\n\n\n<h2 class=\"wp-block-heading\">9. <a href=\"https:\/\/www.magazinevoce.com.br\/magazinejosefelipe1998\/passadeira-a-vapor-portatil-mondial-fast-steam-vp09\/p\/gf3j26a0b9\/ep\/vapo\/?seller_id=mercadofacilstore\" target=\"_blank\" rel=\"noreferrer noopener sponsored nofollow\">Ferro a Vapor Port\u00e1til<\/a><\/h2>\n\n\n\n<figure class=\"wp-block-image size-full is-resized\"><img loading=\"lazy\" decoding=\"async\" width=\"560\" height=\"560\" src=\"https:\/\/adorocupom.com\/blog\/wp-content\/uploads\/2026\/04\/ferro-a-vapor-eletrico-passadeira.webp\" alt=\"\" class=\"wp-image-30273\" style=\"width:280px;height:auto\" srcset=\"https:\/\/adorocupom.com\/blog\/wp-content\/uploads\/2026\/04\/ferro-a-vapor-eletrico-passadeira.webp 560w, https:\/\/adorocupom.com\/blog\/wp-content\/uploads\/2026\/04\/ferro-a-vapor-eletrico-passadeira-300x300.webp 300w, https:\/\/adorocupom.com\/blog\/wp-content\/uploads\/2026\/04\/ferro-a-vapor-eletrico-passadeira-150x150.webp 150w\" sizes=\"auto, (max-width: 560px) 100vw, 560px\" \/><\/figure>\n\n\n\n<p>Odeia passar roupa? Um ferro a vapor leve e eficiente reduz o seu sofrimento pela metade. A base desliza f\u00e1cil e o vapor tira os amassados mais dif\u00edceis de camisas e cal\u00e7as. Voc\u00ea encontra excelentes op\u00e7\u00f5es por menos de R$ 100.<\/p>\n\n\n\n<h2 class=\"wp-block-heading\">10. <a href=\"https:\/\/www.magazinevoce.com.br\/magazinejosefelipe1998\/busca\/chaleira+eletrica+inox\/\" target=\"_blank\" rel=\"noreferrer noopener sponsored nofollow\">Chaleira El\u00e9trica Inox <\/a><\/h2>\n\n\n\n<figure class=\"wp-block-image size-full is-resized\"><img loading=\"lazy\" decoding=\"async\" width=\"747\" height=\"560\" src=\"https:\/\/adorocupom.com\/blog\/wp-content\/uploads\/2026\/04\/chaleira-eletrica-oster.webp\" alt=\"\" class=\"wp-image-30272\" style=\"width:286px;height:auto\" srcset=\"https:\/\/adorocupom.com\/blog\/wp-content\/uploads\/2026\/04\/chaleira-eletrica-oster.webp 747w, https:\/\/adorocupom.com\/blog\/wp-content\/uploads\/2026\/04\/chaleira-eletrica-oster-300x225.webp 300w, https:\/\/adorocupom.com\/blog\/wp-content\/uploads\/2026\/04\/chaleira-eletrica-oster-80x60.webp 80w\" sizes=\"auto, (max-width: 747px) 100vw, 747px\" \/><\/figure>\n\n\n\n<p>Para fazer ch\u00e1, adiantar o cozimento do macarr\u00e3o ou passar um caf\u00e9 r\u00e1pido, a chaleira el\u00e9trica \u00e9 imbat\u00edvel. O acabamento em inox deixa a cozinha mais bonita e custa entre R$ 100 e R$ 130.<\/p>\n\n\n\n<h2 class=\"wp-block-heading\">11. <a href=\"https:\/\/www.magazinevoce.com.br\/magazinejosefelipe1998\/busca\/espremedor+de+frutas+premium\/\" target=\"_blank\" rel=\"noreferrer noopener sponsored nofollow\">Espremedor de Frutas Premium<\/a><\/h2>\n\n\n\n<figure class=\"wp-block-image size-full is-resized\"><img loading=\"lazy\" decoding=\"async\" width=\"747\" height=\"560\" src=\"https:\/\/adorocupom.com\/blog\/wp-content\/uploads\/2026\/04\/espremedor-bivot-de-fruta-mondial.webp\" alt=\"\" class=\"wp-image-30271\" style=\"width:328px;height:auto\" srcset=\"https:\/\/adorocupom.com\/blog\/wp-content\/uploads\/2026\/04\/espremedor-bivot-de-fruta-mondial.webp 747w, https:\/\/adorocupom.com\/blog\/wp-content\/uploads\/2026\/04\/espremedor-bivot-de-fruta-mondial-300x225.webp 300w, https:\/\/adorocupom.com\/blog\/wp-content\/uploads\/2026\/04\/espremedor-bivot-de-fruta-mondial-80x60.webp 80w\" sizes=\"auto, (max-width: 747px) 100vw, 747px\" \/><\/figure>\n\n\n\n<p>Esquecido por muitos, mas amado por quem gosta de suco de laranja natural no domingo de manh\u00e3. Os modelos da Mondial ou Philco giram nos dois sentidos, extraindo todo o suco sem fazer voc\u00ea suar. Pre\u00e7o m\u00e9dio: R$ 120.<\/p>\n\n\n\n<h2 class=\"wp-block-heading\">12. <a href=\"https:\/\/www.magazinevoce.com.br\/magazinejosefelipe1998\/ventilador-de-mesa-mondial-super-power-vsp-40-w-40cm-6-pas-3-velocidades-branco-e-azul\/p\/231204100\/ar\/arvm\/?ads=patrocinado&amp;seller_id=magazineluiza\" target=\"_blank\" rel=\"noreferrer noopener sponsored nofollow\">Ventilador de Mesa Mondial Super Power<\/a><\/h2>\n\n\n\n<figure class=\"wp-block-image size-full is-resized\"><img loading=\"lazy\" decoding=\"async\" width=\"723\" height=\"903\" src=\"https:\/\/adorocupom.com\/blog\/wp-content\/uploads\/2026\/04\/ventilador-de-mesa-mondial.png\" alt=\"\" class=\"wp-image-30270\" style=\"width:239px;height:auto\" srcset=\"https:\/\/adorocupom.com\/blog\/wp-content\/uploads\/2026\/04\/ventilador-de-mesa-mondial.png 723w, https:\/\/adorocupom.com\/blog\/wp-content\/uploads\/2026\/04\/ventilador-de-mesa-mondial-240x300.png 240w\" sizes=\"auto, (max-width: 723px) 100vw, 723px\" \/><\/figure>\n\n\n\n<p>Com as ondas de calor cada vez mais frequentes, um ventilador forte e silencioso salva as noites de sono. O modelo Super Power da Mondial venta muito, consome pouca energia e se encaixa tranquilamente no or\u00e7amento de R$ 150 a R$ 200.<\/p>\n\n\n\n<p><em>Veja tamb\u00e9m: <strong><a href=\"https:\/\/adorocupom.com\/blog\/6-air-fryers-baratas-que-valem-a-pena-comprar\/\" target=\"_blank\" rel=\"noreferrer noopener sponsored nofollow\">6 Air Fryers Baratas que Realmente Valem a Pena Comprar em 2026<\/a><\/strong><\/em><\/p>\n","protected":false},"excerpt":{"rendered":"<p>Sabe aquela sensa\u00e7\u00e3o boa de comprar um aparelho barato, colocar na tomada e perceber que ele acabou de resolver um&#8230;<\/p>\n","protected":false},"author":5,"featured_media":30269,"comment_status":"open","ping_status":"open","sticky":false,"template":"","format":"standard","meta":{"_yoast_wpseo_title":"","_yoast_wpseo_metadesc":"12 eletroport\u00e1teis at\u00e9 R$300 que realmente valem a pena. Veja op\u00e7\u00f5es \u00fateis para cozinha e casa sem gastar muito.","footnotes":""},"categories":[7],"tags":[358],"class_list":["post-30268","post","type-post","status-publish","format-standard","has-post-thumbnail","hentry","category-guias-de-compras","tag-magazine-luiza-2"],"yoast_head":"<!-- This site is optimized with the Yoast SEO plugin v27.4 - https:\/\/yoast.com\/product\/yoast-seo-wordpress\/ -->\n<title>Eletroport\u00e1teis at\u00e9 R$ 300: 12 Op\u00e7\u00f5es que Compensam - Adoro Cupom Blog<\/title>\n<meta name=\"description\" content=\"12 eletroport\u00e1teis at\u00e9 R$300 que realmente valem a pena. Veja op\u00e7\u00f5es \u00fateis para cozinha e casa sem gastar muito.\" \/>\n<meta name=\"robots\" content=\"index, follow, max-snippet:-1, max-image-preview:large, max-video-preview:-1\" \/>\n<link rel=\"canonical\" href=\"https:\/\/adorocupom.com\/blog\/eletroportateis-ate-r-300-12-opcoes-que-compensam\/\" \/>\n<meta property=\"og:locale\" content=\"pt_BR\" \/>\n<meta property=\"og:type\" content=\"article\" \/>\n<meta property=\"og:title\" content=\"Eletroport\u00e1teis at\u00e9 R$ 300: 12 Op\u00e7\u00f5es que Compensam - Adoro Cupom Blog\" \/>\n<meta property=\"og:description\" content=\"12 eletroport\u00e1teis at\u00e9 R$300 que realmente valem a pena. Veja op\u00e7\u00f5es \u00fateis para cozinha e casa sem gastar muito.\" \/>\n<meta property=\"og:url\" content=\"https:\/\/adorocupom.com\/blog\/eletroportateis-ate-r-300-12-opcoes-que-compensam\/\" \/>\n<meta property=\"og:site_name\" content=\"Adoro Cupom Blog\" \/>\n<meta property=\"article:publisher\" content=\"https:\/\/www.facebook.com\/adorocupombr\" \/>\n<meta property=\"article:published_time\" content=\"2026-04-23T17:18:21+00:00\" \/>\n<meta property=\"article:modified_time\" content=\"2026-04-23T17:18:23+00:00\" \/>\n<meta property=\"og:image\" content=\"https:\/\/adorocupom.com\/blog\/wp-content\/uploads\/2026\/04\/eletroportateis-ate-300-reais-scaled.png\" \/>\n\t<meta property=\"og:image:width\" content=\"1200\" \/>\n\t<meta property=\"og:image:height\" content=\"686\" \/>\n\t<meta property=\"og:image:type\" content=\"image\/png\" \/>\n<meta name=\"author\" content=\"Vit\u00f3ria\" \/>\n<meta name=\"twitter:card\" content=\"summary_large_image\" \/>\n<meta name=\"twitter:creator\" content=\"@adorocupombr\" \/>\n<meta name=\"twitter:site\" content=\"@adorocupombr\" \/>\n<meta name=\"twitter:label1\" content=\"Escrito por\" \/>\n\t<meta name=\"twitter:data1\" content=\"Vit\u00f3ria\" \/>\n\t<meta name=\"twitter:label2\" content=\"Est. tempo de leitura\" \/>\n\t<meta name=\"twitter:data2\" content=\"7 minutos\" \/>\n<script type=\"application\/ld+json\" class=\"yoast-schema-graph\">{\"@context\":\"https:\\\/\\\/schema.org\",\"@graph\":[{\"@type\":\"Article\",\"@id\":\"https:\\\/\\\/adorocupom.com\\\/blog\\\/eletroportateis-ate-r-300-12-opcoes-que-compensam\\\/#article\",\"isPartOf\":{\"@id\":\"https:\\\/\\\/adorocupom.com\\\/blog\\\/eletroportateis-ate-r-300-12-opcoes-que-compensam\\\/\"},\"author\":{\"name\":\"Vit\u00f3ria\",\"@id\":\"https:\\\/\\\/adorocupom.com\\\/blog\\\/#\\\/schema\\\/person\\\/58d1ddf6d8da378ef0712855eb14157c\"},\"headline\":\"Eletroport\u00e1teis at\u00e9 R$ 300: 12 Op\u00e7\u00f5es que Compensam\",\"datePublished\":\"2026-04-23T17:18:21+00:00\",\"dateModified\":\"2026-04-23T17:18:23+00:00\",\"mainEntityOfPage\":{\"@id\":\"https:\\\/\\\/adorocupom.com\\\/blog\\\/eletroportateis-ate-r-300-12-opcoes-que-compensam\\\/\"},\"wordCount\":679,\"commentCount\":0,\"publisher\":{\"@id\":\"https:\\\/\\\/adorocupom.com\\\/blog\\\/#organization\"},\"image\":{\"@id\":\"https:\\\/\\\/adorocupom.com\\\/blog\\\/eletroportateis-ate-r-300-12-opcoes-que-compensam\\\/#primaryimage\"},\"thumbnailUrl\":\"https:\\\/\\\/adorocupom.com\\\/blog\\\/wp-content\\\/uploads\\\/2026\\\/04\\\/eletroportateis-ate-300-reais-scaled.png\",\"keywords\":[\"magazine-luiza\"],\"articleSection\":[\"Guias de compras\"],\"inLanguage\":\"pt-BR\",\"potentialAction\":[{\"@type\":\"CommentAction\",\"name\":\"Comment\",\"target\":[\"https:\\\/\\\/adorocupom.com\\\/blog\\\/eletroportateis-ate-r-300-12-opcoes-que-compensam\\\/#respond\"]}]},{\"@type\":\"WebPage\",\"@id\":\"https:\\\/\\\/adorocupom.com\\\/blog\\\/eletroportateis-ate-r-300-12-opcoes-que-compensam\\\/\",\"url\":\"https:\\\/\\\/adorocupom.com\\\/blog\\\/eletroportateis-ate-r-300-12-opcoes-que-compensam\\\/\",\"name\":\"Eletroport\u00e1teis at\u00e9 R$ 300: 12 Op\u00e7\u00f5es que Compensam - Adoro Cupom Blog\",\"isPartOf\":{\"@id\":\"https:\\\/\\\/adorocupom.com\\\/blog\\\/#website\"},\"primaryImageOfPage\":{\"@id\":\"https:\\\/\\\/adorocupom.com\\\/blog\\\/eletroportateis-ate-r-300-12-opcoes-que-compensam\\\/#primaryimage\"},\"image\":{\"@id\":\"https:\\\/\\\/adorocupom.com\\\/blog\\\/eletroportateis-ate-r-300-12-opcoes-que-compensam\\\/#primaryimage\"},\"thumbnailUrl\":\"https:\\\/\\\/adorocupom.com\\\/blog\\\/wp-content\\\/uploads\\\/2026\\\/04\\\/eletroportateis-ate-300-reais-scaled.png\",\"datePublished\":\"2026-04-23T17:18:21+00:00\",\"dateModified\":\"2026-04-23T17:18:23+00:00\",\"description\":\"12 eletroport\u00e1teis at\u00e9 R$300 que realmente valem a pena. Veja op\u00e7\u00f5es \u00fateis para cozinha e casa sem gastar muito.\",\"breadcrumb\":{\"@id\":\"https:\\\/\\\/adorocupom.com\\\/blog\\\/eletroportateis-ate-r-300-12-opcoes-que-compensam\\\/#breadcrumb\"},\"inLanguage\":\"pt-BR\",\"potentialAction\":[{\"@type\":\"ReadAction\",\"target\":[\"https:\\\/\\\/adorocupom.com\\\/blog\\\/eletroportateis-ate-r-300-12-opcoes-que-compensam\\\/\"]}]},{\"@type\":\"ImageObject\",\"inLanguage\":\"pt-BR\",\"@id\":\"https:\\\/\\\/adorocupom.com\\\/blog\\\/eletroportateis-ate-r-300-12-opcoes-que-compensam\\\/#primaryimage\",\"url\":\"https:\\\/\\\/adorocupom.com\\\/blog\\\/wp-content\\\/uploads\\\/2026\\\/04\\\/eletroportateis-ate-300-reais-scaled.png\",\"contentUrl\":\"https:\\\/\\\/adorocupom.com\\\/blog\\\/wp-content\\\/uploads\\\/2026\\\/04\\\/eletroportateis-ate-300-reais-scaled.png\",\"width\":1200,\"height\":686,\"caption\":\"sala de estar clean\"},{\"@type\":\"BreadcrumbList\",\"@id\":\"https:\\\/\\\/adorocupom.com\\\/blog\\\/eletroportateis-ate-r-300-12-opcoes-que-compensam\\\/#breadcrumb\",\"itemListElement\":[{\"@type\":\"ListItem\",\"position\":1,\"name\":\"Home\",\"item\":\"https:\\\/\\\/adorocupom.com\\\/blog\\\/\"},{\"@type\":\"ListItem\",\"position\":2,\"name\":\"Eletroport\u00e1teis at\u00e9 R$ 300: 12 Op\u00e7\u00f5es que Compensam\"}]},{\"@type\":\"WebSite\",\"@id\":\"https:\\\/\\\/adorocupom.com\\\/blog\\\/#website\",\"url\":\"https:\\\/\\\/adorocupom.com\\\/blog\\\/\",\"name\":\"Adoro Cupom Blog\",\"description\":\"\",\"publisher\":{\"@id\":\"https:\\\/\\\/adorocupom.com\\\/blog\\\/#organization\"},\"potentialAction\":[{\"@type\":\"SearchAction\",\"target\":{\"@type\":\"EntryPoint\",\"urlTemplate\":\"https:\\\/\\\/adorocupom.com\\\/blog\\\/?s={search_term_string}\"},\"query-input\":{\"@type\":\"PropertyValueSpecification\",\"valueRequired\":true,\"valueName\":\"search_term_string\"}}],\"inLanguage\":\"pt-BR\"},{\"@type\":\"Organization\",\"@id\":\"https:\\\/\\\/adorocupom.com\\\/blog\\\/#organization\",\"name\":\"Adoro Cupom Blog\",\"url\":\"https:\\\/\\\/adorocupom.com\\\/blog\\\/\",\"logo\":{\"@type\":\"ImageObject\",\"inLanguage\":\"pt-BR\",\"@id\":\"https:\\\/\\\/adorocupom.com\\\/blog\\\/#\\\/schema\\\/logo\\\/image\\\/\",\"url\":\"https:\\\/\\\/adorocupom.com\\\/blog\\\/wp-content\\\/uploads\\\/2026\\\/04\\\/logo-adorocupom-scaled.png\",\"contentUrl\":\"https:\\\/\\\/adorocupom.com\\\/blog\\\/wp-content\\\/uploads\\\/2026\\\/04\\\/logo-adorocupom-scaled.png\",\"width\":1200,\"height\":438,\"caption\":\"Adoro Cupom Blog\"},\"image\":{\"@id\":\"https:\\\/\\\/adorocupom.com\\\/blog\\\/#\\\/schema\\\/logo\\\/image\\\/\"},\"sameAs\":[\"https:\\\/\\\/www.facebook.com\\\/adorocupombr\",\"https:\\\/\\\/x.com\\\/adorocupombr\",\"https:\\\/\\\/www.instagram.com\\\/adorocupom\"]},{\"@type\":\"Person\",\"@id\":\"https:\\\/\\\/adorocupom.com\\\/blog\\\/#\\\/schema\\\/person\\\/58d1ddf6d8da378ef0712855eb14157c\",\"name\":\"Vit\u00f3ria\",\"image\":{\"@type\":\"ImageObject\",\"inLanguage\":\"pt-BR\",\"@id\":\"https:\\\/\\\/secure.gravatar.com\\\/avatar\\\/7242c5496a7ad320a3daef50846496960117e3ab217cd78121648c5b6d89db19?s=96&d=mm&r=g\",\"url\":\"https:\\\/\\\/secure.gravatar.com\\\/avatar\\\/7242c5496a7ad320a3daef50846496960117e3ab217cd78121648c5b6d89db19?s=96&d=mm&r=g\",\"contentUrl\":\"https:\\\/\\\/secure.gravatar.com\\\/avatar\\\/7242c5496a7ad320a3daef50846496960117e3ab217cd78121648c5b6d89db19?s=96&d=mm&r=g\",\"caption\":\"Vit\u00f3ria\"},\"description\":\"Sou publicit\u00e1ria e editora de conte\u00fado do AdoroCupom. Sou questionadora por natureza, e \u00e9 justamente isso que me leva a investigar, testar e traduzir informa\u00e7\u00f5es em guias, comparativos e an\u00e1lises que facilitam sua vida na hora de pesquisar, escolher e comprar online, sempre com conte\u00fado claro, \u00fatil e atualizado para voc\u00ea decidir com mais confian\u00e7a.\"}]}<\/script>\n<!-- \/ Yoast SEO plugin. -->","yoast_head_json":{"title":"Eletroport\u00e1teis at\u00e9 R$ 300: 12 Op\u00e7\u00f5es que Compensam - Adoro Cupom Blog","description":"12 eletroport\u00e1teis at\u00e9 R$300 que realmente valem a pena. Veja op\u00e7\u00f5es \u00fateis para cozinha e casa sem gastar muito.","robots":{"index":"index","follow":"follow","max-snippet":"max-snippet:-1","max-image-preview":"max-image-preview:large","max-video-preview":"max-video-preview:-1"},"canonical":"https:\/\/adorocupom.com\/blog\/eletroportateis-ate-r-300-12-opcoes-que-compensam\/","og_locale":"pt_BR","og_type":"article","og_title":"Eletroport\u00e1teis at\u00e9 R$ 300: 12 Op\u00e7\u00f5es que Compensam - Adoro Cupom Blog","og_description":"12 eletroport\u00e1teis at\u00e9 R$300 que realmente valem a pena. Veja op\u00e7\u00f5es \u00fateis para cozinha e casa sem gastar muito.","og_url":"https:\/\/adorocupom.com\/blog\/eletroportateis-ate-r-300-12-opcoes-que-compensam\/","og_site_name":"Adoro Cupom Blog","article_publisher":"https:\/\/www.facebook.com\/adorocupombr","article_published_time":"2026-04-23T17:18:21+00:00","article_modified_time":"2026-04-23T17:18:23+00:00","og_image":[{"width":1200,"height":686,"url":"https:\/\/adorocupom.com\/blog\/wp-content\/uploads\/2026\/04\/eletroportateis-ate-300-reais-scaled.png","type":"image\/png"}],"author":"Vit\u00f3ria","twitter_card":"summary_large_image","twitter_creator":"@adorocupombr","twitter_site":"@adorocupombr","twitter_misc":{"Escrito por":"Vit\u00f3ria","Est. tempo de leitura":"7 minutos"},"schema":{"@context":"https:\/\/schema.org","@graph":[{"@type":"Article","@id":"https:\/\/adorocupom.com\/blog\/eletroportateis-ate-r-300-12-opcoes-que-compensam\/#article","isPartOf":{"@id":"https:\/\/adorocupom.com\/blog\/eletroportateis-ate-r-300-12-opcoes-que-compensam\/"},"author":{"name":"Vit\u00f3ria","@id":"https:\/\/adorocupom.com\/blog\/#\/schema\/person\/58d1ddf6d8da378ef0712855eb14157c"},"headline":"Eletroport\u00e1teis at\u00e9 R$ 300: 12 Op\u00e7\u00f5es que Compensam","datePublished":"2026-04-23T17:18:21+00:00","dateModified":"2026-04-23T17:18:23+00:00","mainEntityOfPage":{"@id":"https:\/\/adorocupom.com\/blog\/eletroportateis-ate-r-300-12-opcoes-que-compensam\/"},"wordCount":679,"commentCount":0,"publisher":{"@id":"https:\/\/adorocupom.com\/blog\/#organization"},"image":{"@id":"https:\/\/adorocupom.com\/blog\/eletroportateis-ate-r-300-12-opcoes-que-compensam\/#primaryimage"},"thumbnailUrl":"https:\/\/adorocupom.com\/blog\/wp-content\/uploads\/2026\/04\/eletroportateis-ate-300-reais-scaled.png","keywords":["magazine-luiza"],"articleSection":["Guias de compras"],"inLanguage":"pt-BR","potentialAction":[{"@type":"CommentAction","name":"Comment","target":["https:\/\/adorocupom.com\/blog\/eletroportateis-ate-r-300-12-opcoes-que-compensam\/#respond"]}]},{"@type":"WebPage","@id":"https:\/\/adorocupom.com\/blog\/eletroportateis-ate-r-300-12-opcoes-que-compensam\/","url":"https:\/\/adorocupom.com\/blog\/eletroportateis-ate-r-300-12-opcoes-que-compensam\/","name":"Eletroport\u00e1teis at\u00e9 R$ 300: 12 Op\u00e7\u00f5es que Compensam - Adoro Cupom Blog","isPartOf":{"@id":"https:\/\/adorocupom.com\/blog\/#website"},"primaryImageOfPage":{"@id":"https:\/\/adorocupom.com\/blog\/eletroportateis-ate-r-300-12-opcoes-que-compensam\/#primaryimage"},"image":{"@id":"https:\/\/adorocupom.com\/blog\/eletroportateis-ate-r-300-12-opcoes-que-compensam\/#primaryimage"},"thumbnailUrl":"https:\/\/adorocupom.com\/blog\/wp-content\/uploads\/2026\/04\/eletroportateis-ate-300-reais-scaled.png","datePublished":"2026-04-23T17:18:21+00:00","dateModified":"2026-04-23T17:18:23+00:00","description":"12 eletroport\u00e1teis at\u00e9 R$300 que realmente valem a pena. Veja op\u00e7\u00f5es \u00fateis para cozinha e casa sem gastar muito.","breadcrumb":{"@id":"https:\/\/adorocupom.com\/blog\/eletroportateis-ate-r-300-12-opcoes-que-compensam\/#breadcrumb"},"inLanguage":"pt-BR","potentialAction":[{"@type":"ReadAction","target":["https:\/\/adorocupom.com\/blog\/eletroportateis-ate-r-300-12-opcoes-que-compensam\/"]}]},{"@type":"ImageObject","inLanguage":"pt-BR","@id":"https:\/\/adorocupom.com\/blog\/eletroportateis-ate-r-300-12-opcoes-que-compensam\/#primaryimage","url":"https:\/\/adorocupom.com\/blog\/wp-content\/uploads\/2026\/04\/eletroportateis-ate-300-reais-scaled.png","contentUrl":"https:\/\/adorocupom.com\/blog\/wp-content\/uploads\/2026\/04\/eletroportateis-ate-300-reais-scaled.png","width":1200,"height":686,"caption":"sala de estar clean"},{"@type":"BreadcrumbList","@id":"https:\/\/adorocupom.com\/blog\/eletroportateis-ate-r-300-12-opcoes-que-compensam\/#breadcrumb","itemListElement":[{"@type":"ListItem","position":1,"name":"Home","item":"https:\/\/adorocupom.com\/blog\/"},{"@type":"ListItem","position":2,"name":"Eletroport\u00e1teis at\u00e9 R$ 300: 12 Op\u00e7\u00f5es que Compensam"}]},{"@type":"WebSite","@id":"https:\/\/adorocupom.com\/blog\/#website","url":"https:\/\/adorocupom.com\/blog\/","name":"Adoro Cupom Blog","description":"","publisher":{"@id":"https:\/\/adorocupom.com\/blog\/#organization"},"potentialAction":[{"@type":"SearchAction","target":{"@type":"EntryPoint","urlTemplate":"https:\/\/adorocupom.com\/blog\/?s={search_term_string}"},"query-input":{"@type":"PropertyValueSpecification","valueRequired":true,"valueName":"search_term_string"}}],"inLanguage":"pt-BR"},{"@type":"Organization","@id":"https:\/\/adorocupom.com\/blog\/#organization","name":"Adoro Cupom Blog","url":"https:\/\/adorocupom.com\/blog\/","logo":{"@type":"ImageObject","inLanguage":"pt-BR","@id":"https:\/\/adorocupom.com\/blog\/#\/schema\/logo\/image\/","url":"https:\/\/adorocupom.com\/blog\/wp-content\/uploads\/2026\/04\/logo-adorocupom-scaled.png","contentUrl":"https:\/\/adorocupom.com\/blog\/wp-content\/uploads\/2026\/04\/logo-adorocupom-scaled.png","width":1200,"height":438,"caption":"Adoro Cupom Blog"},"image":{"@id":"https:\/\/adorocupom.com\/blog\/#\/schema\/logo\/image\/"},"sameAs":["https:\/\/www.facebook.com\/adorocupombr","https:\/\/x.com\/adorocupombr","https:\/\/www.instagram.com\/adorocupom"]},{"@type":"Person","@id":"https:\/\/adorocupom.com\/blog\/#\/schema\/person\/58d1ddf6d8da378ef0712855eb14157c","name":"Vit\u00f3ria","image":{"@type":"ImageObject","inLanguage":"pt-BR","@id":"https:\/\/secure.gravatar.com\/avatar\/7242c5496a7ad320a3daef50846496960117e3ab217cd78121648c5b6d89db19?s=96&d=mm&r=g","url":"https:\/\/secure.gravatar.com\/avatar\/7242c5496a7ad320a3daef50846496960117e3ab217cd78121648c5b6d89db19?s=96&d=mm&r=g","contentUrl":"https:\/\/secure.gravatar.com\/avatar\/7242c5496a7ad320a3daef50846496960117e3ab217cd78121648c5b6d89db19?s=96&d=mm&r=g","caption":"Vit\u00f3ria"},"description":"Sou publicit\u00e1ria e editora de conte\u00fado do AdoroCupom. Sou questionadora por natureza, e \u00e9 justamente isso que me leva a investigar, testar e traduzir informa\u00e7\u00f5es em guias, comparativos e an\u00e1lises que facilitam sua vida na hora de pesquisar, escolher e comprar online, sempre com conte\u00fado claro, \u00fatil e atualizado para voc\u00ea decidir com mais confian\u00e7a."}]}},"_links":{"self":[{"href":"https:\/\/adorocupom.com\/blog\/wp-json\/wp\/v2\/posts\/30268","targetHints":{"allow":["GET"]}}],"collection":[{"href":"https:\/\/adorocupom.com\/blog\/wp-json\/wp\/v2\/posts"}],"about":[{"href":"https:\/\/adorocupom.com\/blog\/wp-json\/wp\/v2\/types\/post"}],"author":[{"embeddable":true,"href":"https:\/\/adorocupom.com\/blog\/wp-json\/wp\/v2\/users\/5"}],"replies":[{"embeddable":true,"href":"https:\/\/adorocupom.com\/blog\/wp-json\/wp\/v2\/comments?post=30268"}],"version-history":[{"count":1,"href":"https:\/\/adorocupom.com\/blog\/wp-json\/wp\/v2\/posts\/30268\/revisions"}],"predecessor-version":[{"id":30282,"href":"https:\/\/adorocupom.com\/blog\/wp-json\/wp\/v2\/posts\/30268\/revisions\/30282"}],"wp:featuredmedia":[{"embeddable":true,"href":"https:\/\/adorocupom.com\/blog\/wp-json\/wp\/v2\/media\/30269"}],"wp:attachment":[{"href":"https:\/\/adorocupom.com\/blog\/wp-json\/wp\/v2\/media?parent=30268"}],"wp:term":[{"taxonomy":"category","embeddable":true,"href":"https:\/\/adorocupom.com\/blog\/wp-json\/wp\/v2\/categories?post=30268"},{"taxonomy":"post_tag","embeddable":true,"href":"https:\/\/adorocupom.com\/blog\/wp-json\/wp\/v2\/tags?post=30268"}],"curies":[{"name":"wp","href":"https:\/\/api.w.org\/{rel}","templated":true}]}}