{"id":30353,"date":"2026-04-24T09:32:23","date_gmt":"2026-04-24T12:32:23","guid":{"rendered":"https:\/\/adorocupom.com\/blog\/?p=30353"},"modified":"2026-04-24T09:32:25","modified_gmt":"2026-04-24T12:32:25","slug":"amazon-anuncia-fim-de-servico-no-brasil-em-20-de-maio","status":"publish","type":"post","link":"https:\/\/adorocupom.com\/blog\/amazon-anuncia-fim-de-servico-no-brasil-em-20-de-maio\/","title":{"rendered":"Amazon Anuncia Fim de Servi\u00e7o no Brasil em 20 de Maio"},"content":{"rendered":"\n<p>Se voc\u00ea tem o h\u00e1bito de ler e guarda com carinho um modelo mais antigo do seu leitor de livros digitais, preste muita aten\u00e7\u00e3o. A Amazon acaba de confirmar uma not\u00edcia que vai impactar milhares de brasileiros: a partir do dia 20 de maio de 2026, um servi\u00e7o essencial ser\u00e1 descontinuado para diversos aparelhos.<\/p>\n\n\n\n<p>A decis\u00e3o silenciosa, que segue uma tend\u00eancia de outras gigantes da tecnologia, pegou muita gente de surpresa. Mas calma! Antes de entrar em p\u00e2nico ou achar que perdeu seus livros, voc\u00ea precisa entender exatamente o que vai mudar e como se preparar.<\/p>\n\n\n\n<p><em>Confira <a href=\"https:\/\/adorocupom.com\/cupons-de-desconto\/amazon-promo\/\" target=\"_blank\" rel=\"noreferrer noopener sponsored nofollow\"><strong>cupons e ofertas atualizadas da Amazon<\/strong><\/a> no Adoro Cupom e economize nas suas compras online<\/em><\/p>\n\n\n\n<h2 class=\"wp-block-heading\">O que realmente vai acontecer no dia 20 de maio?<\/h2>\n\n\n\n<p>A Amazon decretou o fim da linha para as fun\u00e7\u00f5es online de Kindles fabricados em 2012 ou antes. Na pr\u00e1tica, isso significa que esses aparelhos n\u00e3o conseguir\u00e3o mais se conectar \u00e0 internet para comprar, baixar ou emprestar novos e-books diretamente pela loja do dispositivo.<\/p>\n\n\n\n<p>Sabe aquela facilidade de comprar um livro pelo celular e ele aparecer magicamente na sua tela em segundos? Para os donos dos modelos afetados, isso n\u00e3o vai mais funcionar. Al\u00e9m disso, n\u00e3o ser\u00e1 poss\u00edvel registrar esses dispositivos em novas contas da Amazon. Se voc\u00ea restaurar o aparelho para os padr\u00f5es de f\u00e1brica, ele ficar\u00e1 praticamente inutiliz\u00e1vel para conectividade online.<\/p>\n\n\n\n<h2 class=\"wp-block-heading\">Quais aparelhos ser\u00e3o afetados? Confira a lista completa<\/h2>\n\n\n\n<p>Se voc\u00ea n\u00e3o tem certeza de qual \u00e9 a gera\u00e7\u00e3o do seu leitor, vale a pena checar a lista. Os dispositivos que perder\u00e3o o suporte incluem:<\/p>\n\n\n\n<ul class=\"wp-block-list\">\n<li>Kindle de 1\u00aa gera\u00e7\u00e3o (2007)<\/li>\n\n\n\n<li>Kindle de 2\u00aa gera\u00e7\u00e3o (2009)<\/li>\n\n\n\n<li>Kindle DX e Kindle DX Graphite (2010)<\/li>\n\n\n\n<li>Kindle Keyboard \/ 3\u00aa gera\u00e7\u00e3o (2010)<\/li>\n\n\n\n<li>Kindle 4 (2011)<\/li>\n\n\n\n<li>Kindle Touch (2011)<\/li>\n\n\n\n<li>Kindle 5 (2012)<\/li>\n\n\n\n<li>Kindle Paperwhite de 1\u00aa gera\u00e7\u00e3o (2012)<\/li>\n<\/ul>\n\n\n\n<p>Alguns tablets antigos da linha Kindle Fire lan\u00e7ados no mesmo per\u00edodo tamb\u00e9m entram nessa tesourada.<\/p>\n\n\n\n<p><em>Veja tamb\u00e9m: <strong><a href=\"https:\/\/adorocupom.com\/blog\/qual-kindle-comprar-na-amazon-em-2026-guia-e-comparativo-sincero\/\" target=\"_blank\" rel=\"noreferrer noopener sponsored nofollow\">Qual Kindle Comprar na Amazon em 2026? Guia e Comparativo Sincero<\/a><\/strong><\/em><\/p>\n\n\n\n<h2 class=\"wp-block-heading\">Meu aparelho est\u00e1 na lista! Vou perder minhas leituras?<\/h2>\n\n\n\n<p>Respire fundo: a resposta \u00e9 n\u00e3o. Todos os livros que voc\u00ea j\u00e1 comprou e baixou antes do dia 20 de maio continuar\u00e3o s\u00e3os e salvos na mem\u00f3ria do dispositivo. Voc\u00ea ainda poder\u00e1 ler sua biblioteca offline normalmente.<\/p>\n\n\n\n<p>A grande mudan\u00e7a afeta apenas a hora de adicionar novos t\u00edtulos. A partir da data limite, a \u00fanica forma de enviar novos documentos ou e-books para o seu aparelho antigo ser\u00e1 pelo bom e velho cabo USB, transferindo os arquivos manualmente atrav\u00e9s do seu computador.<\/p>\n\n\n\n<p><em>Veja tamb\u00e9m: <strong><a href=\"https:\/\/adorocupom.com\/blog\/ebooks-gratuitos-amazon-kindle\/\" target=\"_blank\" rel=\"noreferrer noopener sponsored nofollow\">Livros Gr\u00e1tis no Kindle: Como Encontrar Ebooks a R$ 0 na Amazon (2026)<\/a><\/strong><\/em><\/p>\n\n\n\n<h2 class=\"wp-block-heading\">Por que a Amazon tomou essa decis\u00e3o?<\/h2>\n\n\n\n<p>A tecnologia avan\u00e7a r\u00e1pido, e manter sistemas de seguran\u00e7a modernos em hardwares com mais de dez anos de idade se tornou um grande desafio. Muitos desses aparelhos j\u00e1 n\u00e3o suportam as atualiza\u00e7\u00f5es necess\u00e1rias para garantir a prote\u00e7\u00e3o dos seus dados, for\u00e7ando a empresa a concentrar esfor\u00e7os em modelos mais recentes e seguros.<\/p>\n\n\n\n<h2 class=\"wp-block-heading\">O que voc\u00ea pode fazer agora?<\/h2>\n\n\n\n<p>A empresa preparou uma alternativa para quem for afetado. Se voc\u00ea \u00e9 dono de um desses guerreiros tecnol\u00f3gicos, a Amazon est\u00e1 oferecendo descontos exclusivos e cr\u00e9ditos na compra de e-books para quem decidir fazer o upgrade para uma vers\u00e3o de nova gera\u00e7\u00e3o.<\/p>\n\n\n\n<p>\u00c9 o momento ideal para avaliar se vale a pena continuar transferindo arquivos via cabo ou investir em uma tela com mais nitidez, bateria duradoura e acesso instant\u00e2neo aos lan\u00e7amentos.<\/p>\n\n\n\n<p>O rel\u00f3gio est\u00e1 correndo. Verifique o modelo do seu dispositivo agora mesmo e garanta que todas as suas leituras favoritas estejam devidamente baixadas antes de maio!<\/p>\n","protected":false},"excerpt":{"rendered":"<p>Se voc\u00ea tem o h\u00e1bito de ler e guarda com carinho um modelo mais antigo do seu leitor de livros&#8230;<\/p>\n","protected":false},"author":5,"featured_media":30354,"comment_status":"open","ping_status":"open","sticky":false,"template":"","format":"standard","meta":{"_yoast_wpseo_title":"","_yoast_wpseo_metadesc":"Amazon encerra servi\u00e7o em Kindles antigos em 2026. Veja quais modelos ser\u00e3o afetados e o que muda no uso.","footnotes":""},"categories":[3],"tags":[348],"class_list":["post-30353","post","type-post","status-publish","format-standard","has-post-thumbnail","hentry","category-analises","tag-amazon"],"yoast_head":"<!-- This site is optimized with the Yoast SEO plugin v27.4 - https:\/\/yoast.com\/product\/yoast-seo-wordpress\/ -->\n<title>Amazon Anuncia Fim de Servi\u00e7o no Brasil em 20 de Maio - Adoro Cupom Blog<\/title>\n<meta name=\"description\" content=\"Amazon encerra servi\u00e7o em Kindles antigos em 2026. Veja quais modelos ser\u00e3o afetados e o que muda no uso.\" \/>\n<meta name=\"robots\" content=\"index, follow, max-snippet:-1, max-image-preview:large, max-video-preview:-1\" \/>\n<link rel=\"canonical\" href=\"https:\/\/adorocupom.com\/blog\/amazon-anuncia-fim-de-servico-no-brasil-em-20-de-maio\/\" \/>\n<meta property=\"og:locale\" content=\"pt_BR\" \/>\n<meta property=\"og:type\" content=\"article\" \/>\n<meta property=\"og:title\" content=\"Amazon Anuncia Fim de Servi\u00e7o no Brasil em 20 de Maio - Adoro Cupom Blog\" \/>\n<meta property=\"og:description\" content=\"Amazon encerra servi\u00e7o em Kindles antigos em 2026. Veja quais modelos ser\u00e3o afetados e o que muda no uso.\" \/>\n<meta property=\"og:url\" content=\"https:\/\/adorocupom.com\/blog\/amazon-anuncia-fim-de-servico-no-brasil-em-20-de-maio\/\" \/>\n<meta property=\"og:site_name\" content=\"Adoro Cupom Blog\" \/>\n<meta property=\"article:publisher\" content=\"https:\/\/www.facebook.com\/adorocupombr\" \/>\n<meta property=\"article:published_time\" content=\"2026-04-24T12:32:23+00:00\" \/>\n<meta property=\"article:modified_time\" content=\"2026-04-24T12:32:25+00:00\" \/>\n<meta property=\"og:image\" content=\"https:\/\/adorocupom.com\/blog\/wp-content\/uploads\/2026\/04\/wp-image-3-48-scaled.png\" \/>\n\t<meta property=\"og:image:width\" content=\"1200\" \/>\n\t<meta property=\"og:image:height\" content=\"686\" \/>\n\t<meta property=\"og:image:type\" content=\"image\/png\" \/>\n<meta name=\"author\" content=\"Vit\u00f3ria\" \/>\n<meta name=\"twitter:card\" content=\"summary_large_image\" \/>\n<meta name=\"twitter:creator\" content=\"@adorocupombr\" \/>\n<meta name=\"twitter:site\" content=\"@adorocupombr\" \/>\n<meta name=\"twitter:label1\" content=\"Escrito por\" \/>\n\t<meta name=\"twitter:data1\" content=\"Vit\u00f3ria\" \/>\n\t<meta name=\"twitter:label2\" content=\"Est. tempo de leitura\" \/>\n\t<meta name=\"twitter:data2\" content=\"4 minutos\" \/>\n<script type=\"application\/ld+json\" class=\"yoast-schema-graph\">{\"@context\":\"https:\\\/\\\/schema.org\",\"@graph\":[{\"@type\":\"Article\",\"@id\":\"https:\\\/\\\/adorocupom.com\\\/blog\\\/amazon-anuncia-fim-de-servico-no-brasil-em-20-de-maio\\\/#article\",\"isPartOf\":{\"@id\":\"https:\\\/\\\/adorocupom.com\\\/blog\\\/amazon-anuncia-fim-de-servico-no-brasil-em-20-de-maio\\\/\"},\"author\":{\"name\":\"Vit\u00f3ria\",\"@id\":\"https:\\\/\\\/adorocupom.com\\\/blog\\\/#\\\/schema\\\/person\\\/58d1ddf6d8da378ef0712855eb14157c\"},\"headline\":\"Amazon Anuncia Fim de Servi\u00e7o no Brasil em 20 de Maio\",\"datePublished\":\"2026-04-24T12:32:23+00:00\",\"dateModified\":\"2026-04-24T12:32:25+00:00\",\"mainEntityOfPage\":{\"@id\":\"https:\\\/\\\/adorocupom.com\\\/blog\\\/amazon-anuncia-fim-de-servico-no-brasil-em-20-de-maio\\\/\"},\"wordCount\":633,\"commentCount\":0,\"publisher\":{\"@id\":\"https:\\\/\\\/adorocupom.com\\\/blog\\\/#organization\"},\"image\":{\"@id\":\"https:\\\/\\\/adorocupom.com\\\/blog\\\/amazon-anuncia-fim-de-servico-no-brasil-em-20-de-maio\\\/#primaryimage\"},\"thumbnailUrl\":\"https:\\\/\\\/adorocupom.com\\\/blog\\\/wp-content\\\/uploads\\\/2026\\\/04\\\/wp-image-3-48-scaled.png\",\"keywords\":[\"Amazon\"],\"articleSection\":[\"An\u00e1lises\"],\"inLanguage\":\"pt-BR\",\"potentialAction\":[{\"@type\":\"CommentAction\",\"name\":\"Comment\",\"target\":[\"https:\\\/\\\/adorocupom.com\\\/blog\\\/amazon-anuncia-fim-de-servico-no-brasil-em-20-de-maio\\\/#respond\"]}]},{\"@type\":\"WebPage\",\"@id\":\"https:\\\/\\\/adorocupom.com\\\/blog\\\/amazon-anuncia-fim-de-servico-no-brasil-em-20-de-maio\\\/\",\"url\":\"https:\\\/\\\/adorocupom.com\\\/blog\\\/amazon-anuncia-fim-de-servico-no-brasil-em-20-de-maio\\\/\",\"name\":\"Amazon Anuncia Fim de Servi\u00e7o no Brasil em 20 de Maio - Adoro Cupom Blog\",\"isPartOf\":{\"@id\":\"https:\\\/\\\/adorocupom.com\\\/blog\\\/#website\"},\"primaryImageOfPage\":{\"@id\":\"https:\\\/\\\/adorocupom.com\\\/blog\\\/amazon-anuncia-fim-de-servico-no-brasil-em-20-de-maio\\\/#primaryimage\"},\"image\":{\"@id\":\"https:\\\/\\\/adorocupom.com\\\/blog\\\/amazon-anuncia-fim-de-servico-no-brasil-em-20-de-maio\\\/#primaryimage\"},\"thumbnailUrl\":\"https:\\\/\\\/adorocupom.com\\\/blog\\\/wp-content\\\/uploads\\\/2026\\\/04\\\/wp-image-3-48-scaled.png\",\"datePublished\":\"2026-04-24T12:32:23+00:00\",\"dateModified\":\"2026-04-24T12:32:25+00:00\",\"description\":\"Amazon encerra servi\u00e7o em Kindles antigos em 2026. Veja quais modelos ser\u00e3o afetados e o que muda no uso.\",\"breadcrumb\":{\"@id\":\"https:\\\/\\\/adorocupom.com\\\/blog\\\/amazon-anuncia-fim-de-servico-no-brasil-em-20-de-maio\\\/#breadcrumb\"},\"inLanguage\":\"pt-BR\",\"potentialAction\":[{\"@type\":\"ReadAction\",\"target\":[\"https:\\\/\\\/adorocupom.com\\\/blog\\\/amazon-anuncia-fim-de-servico-no-brasil-em-20-de-maio\\\/\"]}]},{\"@type\":\"ImageObject\",\"inLanguage\":\"pt-BR\",\"@id\":\"https:\\\/\\\/adorocupom.com\\\/blog\\\/amazon-anuncia-fim-de-servico-no-brasil-em-20-de-maio\\\/#primaryimage\",\"url\":\"https:\\\/\\\/adorocupom.com\\\/blog\\\/wp-content\\\/uploads\\\/2026\\\/04\\\/wp-image-3-48-scaled.png\",\"contentUrl\":\"https:\\\/\\\/adorocupom.com\\\/blog\\\/wp-content\\\/uploads\\\/2026\\\/04\\\/wp-image-3-48-scaled.png\",\"width\":1200,\"height\":686},{\"@type\":\"BreadcrumbList\",\"@id\":\"https:\\\/\\\/adorocupom.com\\\/blog\\\/amazon-anuncia-fim-de-servico-no-brasil-em-20-de-maio\\\/#breadcrumb\",\"itemListElement\":[{\"@type\":\"ListItem\",\"position\":1,\"name\":\"Home\",\"item\":\"https:\\\/\\\/adorocupom.com\\\/blog\\\/\"},{\"@type\":\"ListItem\",\"position\":2,\"name\":\"Amazon Anuncia Fim de Servi\u00e7o no Brasil em 20 de Maio\"}]},{\"@type\":\"WebSite\",\"@id\":\"https:\\\/\\\/adorocupom.com\\\/blog\\\/#website\",\"url\":\"https:\\\/\\\/adorocupom.com\\\/blog\\\/\",\"name\":\"Adoro Cupom Blog\",\"description\":\"\",\"publisher\":{\"@id\":\"https:\\\/\\\/adorocupom.com\\\/blog\\\/#organization\"},\"potentialAction\":[{\"@type\":\"SearchAction\",\"target\":{\"@type\":\"EntryPoint\",\"urlTemplate\":\"https:\\\/\\\/adorocupom.com\\\/blog\\\/?s={search_term_string}\"},\"query-input\":{\"@type\":\"PropertyValueSpecification\",\"valueRequired\":true,\"valueName\":\"search_term_string\"}}],\"inLanguage\":\"pt-BR\"},{\"@type\":\"Organization\",\"@id\":\"https:\\\/\\\/adorocupom.com\\\/blog\\\/#organization\",\"name\":\"Adoro Cupom Blog\",\"url\":\"https:\\\/\\\/adorocupom.com\\\/blog\\\/\",\"logo\":{\"@type\":\"ImageObject\",\"inLanguage\":\"pt-BR\",\"@id\":\"https:\\\/\\\/adorocupom.com\\\/blog\\\/#\\\/schema\\\/logo\\\/image\\\/\",\"url\":\"https:\\\/\\\/adorocupom.com\\\/blog\\\/wp-content\\\/uploads\\\/2026\\\/04\\\/logo-adorocupom-scaled.png\",\"contentUrl\":\"https:\\\/\\\/adorocupom.com\\\/blog\\\/wp-content\\\/uploads\\\/2026\\\/04\\\/logo-adorocupom-scaled.png\",\"width\":1200,\"height\":438,\"caption\":\"Adoro Cupom Blog\"},\"image\":{\"@id\":\"https:\\\/\\\/adorocupom.com\\\/blog\\\/#\\\/schema\\\/logo\\\/image\\\/\"},\"sameAs\":[\"https:\\\/\\\/www.facebook.com\\\/adorocupombr\",\"https:\\\/\\\/x.com\\\/adorocupombr\",\"https:\\\/\\\/www.instagram.com\\\/adorocupom\"]},{\"@type\":\"Person\",\"@id\":\"https:\\\/\\\/adorocupom.com\\\/blog\\\/#\\\/schema\\\/person\\\/58d1ddf6d8da378ef0712855eb14157c\",\"name\":\"Vit\u00f3ria\",\"image\":{\"@type\":\"ImageObject\",\"inLanguage\":\"pt-BR\",\"@id\":\"https:\\\/\\\/secure.gravatar.com\\\/avatar\\\/7242c5496a7ad320a3daef50846496960117e3ab217cd78121648c5b6d89db19?s=96&d=mm&r=g\",\"url\":\"https:\\\/\\\/secure.gravatar.com\\\/avatar\\\/7242c5496a7ad320a3daef50846496960117e3ab217cd78121648c5b6d89db19?s=96&d=mm&r=g\",\"contentUrl\":\"https:\\\/\\\/secure.gravatar.com\\\/avatar\\\/7242c5496a7ad320a3daef50846496960117e3ab217cd78121648c5b6d89db19?s=96&d=mm&r=g\",\"caption\":\"Vit\u00f3ria\"},\"description\":\"Sou publicit\u00e1ria e editora de conte\u00fado do AdoroCupom. Sou questionadora por natureza, e \u00e9 justamente isso que me leva a investigar, testar e traduzir informa\u00e7\u00f5es em guias, comparativos e an\u00e1lises que facilitam sua vida na hora de pesquisar, escolher e comprar online, sempre com conte\u00fado claro, \u00fatil e atualizado para voc\u00ea decidir com mais confian\u00e7a.\"}]}<\/script>\n<!-- \/ Yoast SEO plugin. -->","yoast_head_json":{"title":"Amazon Anuncia Fim de Servi\u00e7o no Brasil em 20 de Maio - Adoro Cupom Blog","description":"Amazon encerra servi\u00e7o em Kindles antigos em 2026. Veja quais modelos ser\u00e3o afetados e o que muda no uso.","robots":{"index":"index","follow":"follow","max-snippet":"max-snippet:-1","max-image-preview":"max-image-preview:large","max-video-preview":"max-video-preview:-1"},"canonical":"https:\/\/adorocupom.com\/blog\/amazon-anuncia-fim-de-servico-no-brasil-em-20-de-maio\/","og_locale":"pt_BR","og_type":"article","og_title":"Amazon Anuncia Fim de Servi\u00e7o no Brasil em 20 de Maio - Adoro Cupom Blog","og_description":"Amazon encerra servi\u00e7o em Kindles antigos em 2026. Veja quais modelos ser\u00e3o afetados e o que muda no uso.","og_url":"https:\/\/adorocupom.com\/blog\/amazon-anuncia-fim-de-servico-no-brasil-em-20-de-maio\/","og_site_name":"Adoro Cupom Blog","article_publisher":"https:\/\/www.facebook.com\/adorocupombr","article_published_time":"2026-04-24T12:32:23+00:00","article_modified_time":"2026-04-24T12:32:25+00:00","og_image":[{"width":1200,"height":686,"url":"https:\/\/adorocupom.com\/blog\/wp-content\/uploads\/2026\/04\/wp-image-3-48-scaled.png","type":"image\/png"}],"author":"Vit\u00f3ria","twitter_card":"summary_large_image","twitter_creator":"@adorocupombr","twitter_site":"@adorocupombr","twitter_misc":{"Escrito por":"Vit\u00f3ria","Est. tempo de leitura":"4 minutos"},"schema":{"@context":"https:\/\/schema.org","@graph":[{"@type":"Article","@id":"https:\/\/adorocupom.com\/blog\/amazon-anuncia-fim-de-servico-no-brasil-em-20-de-maio\/#article","isPartOf":{"@id":"https:\/\/adorocupom.com\/blog\/amazon-anuncia-fim-de-servico-no-brasil-em-20-de-maio\/"},"author":{"name":"Vit\u00f3ria","@id":"https:\/\/adorocupom.com\/blog\/#\/schema\/person\/58d1ddf6d8da378ef0712855eb14157c"},"headline":"Amazon Anuncia Fim de Servi\u00e7o no Brasil em 20 de Maio","datePublished":"2026-04-24T12:32:23+00:00","dateModified":"2026-04-24T12:32:25+00:00","mainEntityOfPage":{"@id":"https:\/\/adorocupom.com\/blog\/amazon-anuncia-fim-de-servico-no-brasil-em-20-de-maio\/"},"wordCount":633,"commentCount":0,"publisher":{"@id":"https:\/\/adorocupom.com\/blog\/#organization"},"image":{"@id":"https:\/\/adorocupom.com\/blog\/amazon-anuncia-fim-de-servico-no-brasil-em-20-de-maio\/#primaryimage"},"thumbnailUrl":"https:\/\/adorocupom.com\/blog\/wp-content\/uploads\/2026\/04\/wp-image-3-48-scaled.png","keywords":["Amazon"],"articleSection":["An\u00e1lises"],"inLanguage":"pt-BR","potentialAction":[{"@type":"CommentAction","name":"Comment","target":["https:\/\/adorocupom.com\/blog\/amazon-anuncia-fim-de-servico-no-brasil-em-20-de-maio\/#respond"]}]},{"@type":"WebPage","@id":"https:\/\/adorocupom.com\/blog\/amazon-anuncia-fim-de-servico-no-brasil-em-20-de-maio\/","url":"https:\/\/adorocupom.com\/blog\/amazon-anuncia-fim-de-servico-no-brasil-em-20-de-maio\/","name":"Amazon Anuncia Fim de Servi\u00e7o no Brasil em 20 de Maio - Adoro Cupom Blog","isPartOf":{"@id":"https:\/\/adorocupom.com\/blog\/#website"},"primaryImageOfPage":{"@id":"https:\/\/adorocupom.com\/blog\/amazon-anuncia-fim-de-servico-no-brasil-em-20-de-maio\/#primaryimage"},"image":{"@id":"https:\/\/adorocupom.com\/blog\/amazon-anuncia-fim-de-servico-no-brasil-em-20-de-maio\/#primaryimage"},"thumbnailUrl":"https:\/\/adorocupom.com\/blog\/wp-content\/uploads\/2026\/04\/wp-image-3-48-scaled.png","datePublished":"2026-04-24T12:32:23+00:00","dateModified":"2026-04-24T12:32:25+00:00","description":"Amazon encerra servi\u00e7o em Kindles antigos em 2026. Veja quais modelos ser\u00e3o afetados e o que muda no uso.","breadcrumb":{"@id":"https:\/\/adorocupom.com\/blog\/amazon-anuncia-fim-de-servico-no-brasil-em-20-de-maio\/#breadcrumb"},"inLanguage":"pt-BR","potentialAction":[{"@type":"ReadAction","target":["https:\/\/adorocupom.com\/blog\/amazon-anuncia-fim-de-servico-no-brasil-em-20-de-maio\/"]}]},{"@type":"ImageObject","inLanguage":"pt-BR","@id":"https:\/\/adorocupom.com\/blog\/amazon-anuncia-fim-de-servico-no-brasil-em-20-de-maio\/#primaryimage","url":"https:\/\/adorocupom.com\/blog\/wp-content\/uploads\/2026\/04\/wp-image-3-48-scaled.png","contentUrl":"https:\/\/adorocupom.com\/blog\/wp-content\/uploads\/2026\/04\/wp-image-3-48-scaled.png","width":1200,"height":686},{"@type":"BreadcrumbList","@id":"https:\/\/adorocupom.com\/blog\/amazon-anuncia-fim-de-servico-no-brasil-em-20-de-maio\/#breadcrumb","itemListElement":[{"@type":"ListItem","position":1,"name":"Home","item":"https:\/\/adorocupom.com\/blog\/"},{"@type":"ListItem","position":2,"name":"Amazon Anuncia Fim de Servi\u00e7o no Brasil em 20 de Maio"}]},{"@type":"WebSite","@id":"https:\/\/adorocupom.com\/blog\/#website","url":"https:\/\/adorocupom.com\/blog\/","name":"Adoro Cupom Blog","description":"","publisher":{"@id":"https:\/\/adorocupom.com\/blog\/#organization"},"potentialAction":[{"@type":"SearchAction","target":{"@type":"EntryPoint","urlTemplate":"https:\/\/adorocupom.com\/blog\/?s={search_term_string}"},"query-input":{"@type":"PropertyValueSpecification","valueRequired":true,"valueName":"search_term_string"}}],"inLanguage":"pt-BR"},{"@type":"Organization","@id":"https:\/\/adorocupom.com\/blog\/#organization","name":"Adoro Cupom Blog","url":"https:\/\/adorocupom.com\/blog\/","logo":{"@type":"ImageObject","inLanguage":"pt-BR","@id":"https:\/\/adorocupom.com\/blog\/#\/schema\/logo\/image\/","url":"https:\/\/adorocupom.com\/blog\/wp-content\/uploads\/2026\/04\/logo-adorocupom-scaled.png","contentUrl":"https:\/\/adorocupom.com\/blog\/wp-content\/uploads\/2026\/04\/logo-adorocupom-scaled.png","width":1200,"height":438,"caption":"Adoro Cupom Blog"},"image":{"@id":"https:\/\/adorocupom.com\/blog\/#\/schema\/logo\/image\/"},"sameAs":["https:\/\/www.facebook.com\/adorocupombr","https:\/\/x.com\/adorocupombr","https:\/\/www.instagram.com\/adorocupom"]},{"@type":"Person","@id":"https:\/\/adorocupom.com\/blog\/#\/schema\/person\/58d1ddf6d8da378ef0712855eb14157c","name":"Vit\u00f3ria","image":{"@type":"ImageObject","inLanguage":"pt-BR","@id":"https:\/\/secure.gravatar.com\/avatar\/7242c5496a7ad320a3daef50846496960117e3ab217cd78121648c5b6d89db19?s=96&d=mm&r=g","url":"https:\/\/secure.gravatar.com\/avatar\/7242c5496a7ad320a3daef50846496960117e3ab217cd78121648c5b6d89db19?s=96&d=mm&r=g","contentUrl":"https:\/\/secure.gravatar.com\/avatar\/7242c5496a7ad320a3daef50846496960117e3ab217cd78121648c5b6d89db19?s=96&d=mm&r=g","caption":"Vit\u00f3ria"},"description":"Sou publicit\u00e1ria e editora de conte\u00fado do AdoroCupom. Sou questionadora por natureza, e \u00e9 justamente isso que me leva a investigar, testar e traduzir informa\u00e7\u00f5es em guias, comparativos e an\u00e1lises que facilitam sua vida na hora de pesquisar, escolher e comprar online, sempre com conte\u00fado claro, \u00fatil e atualizado para voc\u00ea decidir com mais confian\u00e7a."}]}},"_links":{"self":[{"href":"https:\/\/adorocupom.com\/blog\/wp-json\/wp\/v2\/posts\/30353","targetHints":{"allow":["GET"]}}],"collection":[{"href":"https:\/\/adorocupom.com\/blog\/wp-json\/wp\/v2\/posts"}],"about":[{"href":"https:\/\/adorocupom.com\/blog\/wp-json\/wp\/v2\/types\/post"}],"author":[{"embeddable":true,"href":"https:\/\/adorocupom.com\/blog\/wp-json\/wp\/v2\/users\/5"}],"replies":[{"embeddable":true,"href":"https:\/\/adorocupom.com\/blog\/wp-json\/wp\/v2\/comments?post=30353"}],"version-history":[{"count":1,"href":"https:\/\/adorocupom.com\/blog\/wp-json\/wp\/v2\/posts\/30353\/revisions"}],"predecessor-version":[{"id":30355,"href":"https:\/\/adorocupom.com\/blog\/wp-json\/wp\/v2\/posts\/30353\/revisions\/30355"}],"wp:featuredmedia":[{"embeddable":true,"href":"https:\/\/adorocupom.com\/blog\/wp-json\/wp\/v2\/media\/30354"}],"wp:attachment":[{"href":"https:\/\/adorocupom.com\/blog\/wp-json\/wp\/v2\/media?parent=30353"}],"wp:term":[{"taxonomy":"category","embeddable":true,"href":"https:\/\/adorocupom.com\/blog\/wp-json\/wp\/v2\/categories?post=30353"},{"taxonomy":"post_tag","embeddable":true,"href":"https:\/\/adorocupom.com\/blog\/wp-json\/wp\/v2\/tags?post=30353"}],"curies":[{"name":"wp","href":"https:\/\/api.w.org\/{rel}","templated":true}]}}