{"id":30633,"date":"2026-04-29T11:04:20","date_gmt":"2026-04-29T14:04:20","guid":{"rendered":"https:\/\/adorocupom.com\/blog\/?p=30633"},"modified":"2026-04-29T11:04:38","modified_gmt":"2026-04-29T14:04:38","slug":"7-looks-inspirados-na-ariana-grande-para-recriar-com-pecas-acessiveis","status":"publish","type":"post","link":"https:\/\/adorocupom.com\/blog\/7-looks-inspirados-na-ariana-grande-para-recriar-com-pecas-acessiveis\/","title":{"rendered":"7 Looks Inspirados na Ariana Grande para Recriar com Pe\u00e7as Acess\u00edveis"},"content":{"rendered":"\n<p>Voc\u00ea j\u00e1 olhou para uma foto de tapete vermelho ou um flagra de paparazzi e pensou em como recriar aquele visual incr\u00edvel sem esvaziar a conta banc\u00e1ria? Quando o assunto \u00e9 estilo pop, a silhueta assinada pela voz de <em>Positions<\/em> e <em>Eternal Sunshine<\/em> \u00e9 uma das mais desejadas e copiadas da internet.<\/p>\n\n\n\n<p>A verdade \u00e9 que conquistar um <strong>ariana grande look<\/strong> perfeito n\u00e3o exige um guarda-roupa de grifes car\u00edssimas. O segredo sempre esteve nas propor\u00e7\u00f5es: o jogo inteligente entre pe\u00e7as amplas e justas, o destaque para as pernas e aquele toque inconfund\u00edvel de feminilidade moderna misturada com atitude urbana. Seja voc\u00ea f\u00e3 das eras mais antigas ou apaixonada pela est\u00e9tica delicada atual da cantora, separamos combina\u00e7\u00f5es infal\u00edveis para copiar hoje mesmo usando roupas f\u00e1ceis de achar em lojas de departamento ou brech\u00f3s.<\/p>\n\n\n\n<p><em>Aproveite <strong><a href=\"https:\/\/adorocupom.com\/cupons-de-desconto\/lojas-renner\/\" target=\"_blank\" rel=\"noreferrer noopener sponsored nofollow\">cupons e ofertas da Renner<\/a><\/strong> para economizar em roupas, cal\u00e7ados e acess\u00f3rios para montar seus looks.<\/em><\/p>\n\n\n\n<h2 class=\"wp-block-heading\">7 Op\u00e7\u00f5es de Ariana Grande Look para Testar<\/h2>\n\n\n\n<h3 class=\"wp-block-heading\">1. O Cl\u00e1ssico: <a href=\"https:\/\/www.awin1.com\/cread.php?awinmid=17801&amp;awinaffid=1673229&amp;ued=https%3A%2F%2Fwww.lojasrenner.com.br%2Fb%3FNtt%3DMoletom%2520Oversized&amp;platform=pl&amp;clickref=website_blog\" target=\"_blank\" rel=\"noreferrer noopener sponsored nofollow\">Moletom Oversized<\/a> + <a href=\"https:\/\/www.awin1.com\/cread.php?awinmid=17801&amp;awinaffid=1673229&amp;ued=https%3A%2F%2Fwww.lojasrenner.com.br%2Fb%3FNtt%3DBotas%2520Over-the-Knee&amp;platform=pl&amp;clickref=website_blog\" target=\"_blank\" rel=\"noreferrer noopener sponsored nofollow\">Botas Over-the-Knee<\/a><\/h3>\n\n\n\n<figure class=\"wp-block-image size-large is-resized\"><img loading=\"lazy\" decoding=\"async\" width=\"800\" height=\"1200\" src=\"https:\/\/adorocupom.com\/blog\/wp-content\/uploads\/2026\/04\/look-classico-ariana-grande-800x1200.jpg\" alt=\"\" class=\"wp-image-30642\" style=\"width:317px;height:auto\" srcset=\"https:\/\/adorocupom.com\/blog\/wp-content\/uploads\/2026\/04\/look-classico-ariana-grande-scaled.jpg 800w, https:\/\/adorocupom.com\/blog\/wp-content\/uploads\/2026\/04\/look-classico-ariana-grande-200x300.jpg 200w, https:\/\/adorocupom.com\/blog\/wp-content\/uploads\/2026\/04\/look-classico-ariana-grande-768x1152.jpg 768w, https:\/\/adorocupom.com\/blog\/wp-content\/uploads\/2026\/04\/look-classico-ariana-grande-1024x1536.jpg 1024w\" sizes=\"auto, (max-width: 800px) 100vw, 800px\" \/><\/figure>\n\n\n\n<p>\u00c9 a imagem que vem \u00e0 cabe\u00e7a de quase todo mundo ao pensar nela. Compre um moletom masculino dois ou tr\u00eas n\u00fameros acima do seu. A m\u00e1gica acontece quando voc\u00ea combina essa pe\u00e7a super casual com botas que sobem acima do joelho. Voc\u00ea encontra vers\u00f5es de camur\u00e7a sint\u00e9tica ou vinil por pre\u00e7os excelentes no inverno. \u00c9 uma aposta confort\u00e1vel, cheia de atitude e perfeita para a meia-esta\u00e7\u00e3o.<\/p>\n\n\n\n<h3 class=\"wp-block-heading\">2. A Vibe Retr\u00f4: <a href=\"https:\/\/www.awin1.com\/cread.php?awinmid=17801&amp;awinaffid=1673229&amp;ued=https%3A%2F%2Fwww.lojasrenner.com.br%2Fb%3FNtt%3Dsaia%2BPlissada%26filtros%3Dparent_categories%253ASaia%2520Curta%253B&amp;platform=pl&amp;clickref=website_blog\" target=\"_blank\" rel=\"noreferrer noopener sponsored nofollow\">Minissaia Plissada <\/a>+ <a href=\"https:\/\/www.awin1.com\/cread.php?awinmid=17801&amp;awinaffid=1673229&amp;ued=https%3A%2F%2Fwww.lojasrenner.com.br%2Fb%3FNtt%3DCardig%25C3%25A3%2520Cropped&amp;platform=pl&amp;clickref=website_blog\" target=\"_blank\" rel=\"noreferrer noopener sponsored nofollow\">Cardig\u00e3 Cropped<\/a><\/h3>\n\n\n\n<div class=\"wp-block-columns is-layout-flex wp-container-core-columns-is-layout-9d6595d7 wp-block-columns-is-layout-flex\">\n<div class=\"wp-block-column is-layout-flow wp-block-column-is-layout-flow\" style=\"flex-basis:250px\">\n<figure class=\"wp-block-image size-large\"><img loading=\"lazy\" decoding=\"async\" width=\"1035\" height=\"1200\" src=\"https:\/\/adorocupom.com\/blog\/wp-content\/uploads\/2026\/04\/saia-plissada-verde-1035x1200.webp\" alt=\"\" class=\"wp-image-30640\" srcset=\"https:\/\/adorocupom.com\/blog\/wp-content\/uploads\/2026\/04\/saia-plissada-verde-scaled.webp 1035w, https:\/\/adorocupom.com\/blog\/wp-content\/uploads\/2026\/04\/saia-plissada-verde-259x300.webp 259w, https:\/\/adorocupom.com\/blog\/wp-content\/uploads\/2026\/04\/saia-plissada-verde-768x890.webp 768w, https:\/\/adorocupom.com\/blog\/wp-content\/uploads\/2026\/04\/saia-plissada-verde-1325x1536.webp 1200w\" sizes=\"auto, (max-width: 1035px) 100vw, 1035px\" \/><\/figure>\n<\/div>\n\n\n\n<div class=\"wp-block-column is-layout-flow wp-block-column-is-layout-flow\" style=\"flex-basis:250px\">\n<figure class=\"wp-block-image size-large\"><img loading=\"lazy\" decoding=\"async\" width=\"1035\" height=\"1200\" src=\"https:\/\/adorocupom.com\/blog\/wp-content\/uploads\/2026\/04\/cardigan-1035x1200.webp\" alt=\"\" class=\"wp-image-30641\" srcset=\"https:\/\/adorocupom.com\/blog\/wp-content\/uploads\/2026\/04\/cardigan-scaled.webp 1035w, https:\/\/adorocupom.com\/blog\/wp-content\/uploads\/2026\/04\/cardigan-259x300.webp 259w, https:\/\/adorocupom.com\/blog\/wp-content\/uploads\/2026\/04\/cardigan-768x890.webp 768w, https:\/\/adorocupom.com\/blog\/wp-content\/uploads\/2026\/04\/cardigan-1325x1536.webp 1200w\" sizes=\"auto, (max-width: 1035px) 100vw, 1035px\" \/><\/figure>\n<\/div>\n<\/div>\n\n\n\n<p>Inspirado na est\u00e9tica mais delicada com perfume dos anos 60, esse visual \u00e9 puro charme. Uma saia colegial de pregas combinada com um cardig\u00e3 curtinho (usado fechado, servindo como blusa) em tons past\u00e9is como lil\u00e1s, verde-menta ou branco. <\/p>\n\n\n\n<h3 class=\"wp-block-heading\">3. Streetwear com Toque Y2K: <a href=\"https:\/\/www.awin1.com\/cread.php?awinmid=17801&amp;awinaffid=1673229&amp;ued=https%3A%2F%2Fwww.lojasrenner.com.br%2Flista%2Ffeminino%2Fcalcas%2Fjeans%2F-%2FN-ih8ca4Zwxqas2Z1hwylc0Z13df56zZ1gqg3qe%3Fs_icid%3D260417_HOME_APOSTAS_DIADASMAES_CALCAS%26filter%3Dtrue%26toggleOmni%3Dfalse&amp;platform=pl&amp;clickref=website_blog\" target=\"_blank\" rel=\"noreferrer noopener sponsored nofollow\">Jeans Baggy<\/a> +<a href=\"https:\/\/meli.la\/2DaWrp3\" target=\"_blank\" rel=\"noreferrer noopener sponsored nofollow\"> Corset<\/a><\/h3>\n\n\n\n<figure class=\"wp-block-image size-full is-resized\"><img loading=\"lazy\" decoding=\"async\" width=\"500\" height=\"500\" src=\"https:\/\/adorocupom.com\/blog\/wp-content\/uploads\/2026\/04\/image-85.png\" alt=\"\" class=\"wp-image-30639\" style=\"width:299px;height:auto\" srcset=\"https:\/\/adorocupom.com\/blog\/wp-content\/uploads\/2026\/04\/image-85.png 500w, https:\/\/adorocupom.com\/blog\/wp-content\/uploads\/2026\/04\/image-85-300x300.png 300w, https:\/\/adorocupom.com\/blog\/wp-content\/uploads\/2026\/04\/image-85-150x150.png 150w\" sizes=\"auto, (max-width: 500px) 100vw, 500px\" \/><\/figure>\n\n\n\n<p>Para os dias de descanso, o contraste volta a ser a arma secreta. O jeans largo e desabado no estilo paraquedas ou pantalona de cintura mais baixa ganha ares fashionistas quando pareado com um corset bem estruturado. Essa \u00e9 uma excelente forma de inserir um ariana grande look no seu dia a dia, perfeito para um passeio \u00e0 tarde ou ir a um show.<\/p>\n\n\n\n<h3 class=\"wp-block-heading\">4. Est\u00e9tica &#8220;Wicked&#8221;: O Rosa Coquette<\/h3>\n\n\n\n<p>Imersa no universo de sua personagem Glinda, a cantora abra\u00e7ou a tend\u00eancia <em>coquette<\/em> com for\u00e7a total. Pense em <strong><a href=\"https:\/\/meli.la\/2WuTPMH\" target=\"_blank\" rel=\"noreferrer noopener sponsored nofollow\">vestidos slip dress rosa p\u00e1lido<\/a><\/strong>, la\u00e7os espalhados pelo cabelo, meia-cal\u00e7a fina e <a href=\"https:\/\/www.awin1.com\/cread.php?awinmid=17801&amp;awinaffid=1673229&amp;ued=https%3A%2F%2Fwww.lojasrenner.com.br%2Fb%3FNtt%3Dsapatos%2520estilo%2520Mary%2520Jane.&amp;platform=pl&amp;clickref=website_blog\" target=\"_blank\" rel=\"noreferrer noopener sponsored nofollow\"><strong>sapatos estilo Mary Jane<\/strong>.<\/a> Hoje em dia, qualquer grande loja de fast fashion oferece pe\u00e7as acetinadas e acess\u00f3rios com la\u00e7os. <\/p>\n\n\n\n<h3 class=\"wp-block-heading\">5. Luxo Confort\u00e1vel: O Monocrom\u00e1tico Esportivo<\/h3>\n\n\n\n<figure class=\"wp-block-image size-full is-resized\"><img loading=\"lazy\" decoding=\"async\" width=\"318\" height=\"529\" src=\"https:\/\/adorocupom.com\/blog\/wp-content\/uploads\/2026\/04\/image-84.png\" alt=\"\" class=\"wp-image-30638\" style=\"width:197px;height:auto\" srcset=\"https:\/\/adorocupom.com\/blog\/wp-content\/uploads\/2026\/04\/image-84.png 318w, https:\/\/adorocupom.com\/blog\/wp-content\/uploads\/2026\/04\/image-84-180x300.png 180w\" sizes=\"auto, (max-width: 318px) 100vw, 318px\" \/><\/figure>\n\n\n\n<p>At\u00e9 para viajar ela mant\u00e9m a coes\u00e3o visual. Escolha um conjunto de moletom composto por <strong><a href=\"https:\/\/www.awin1.com\/cread.php?awinmid=17801&amp;awinaffid=1673229&amp;ued=https%3A%2F%2Fwww.lojasrenner.com.br%2Fb%3FNtt%3Dcal%25C3%25A7a%2520moletom&amp;platform=pl&amp;clickref=website_blog\" target=\"_blank\" rel=\"noreferrer noopener sponsored nofollow\">cal\u00e7a larga<\/a><\/strong> e <strong><a href=\"https:\/\/www.awin1.com\/cread.php?awinmid=17801&amp;awinaffid=1673229&amp;ued=https%3A%2F%2Fwww.lojasrenner.com.br%2Fb%3FNtt%3Dblusa%2520cropped&amp;platform=pl&amp;clickref=website_blog\" target=\"_blank\" rel=\"noreferrer noopener sponsored nofollow\">blusa cropped<\/a><\/strong>, o cinza mescla e o bege s\u00e3o op\u00e7\u00f5es chiques e baratas. Jogue uma<a href=\"https:\/\/www.awin1.com\/cread.php?awinmid=17801&amp;awinaffid=1673229&amp;ued=https%3A%2F%2Fwww.lojasrenner.com.br%2Fb%3FNtt%3D%2520jaqueta%2520puffer&amp;platform=pl&amp;clickref=website_blog\" target=\"_blank\" rel=\"noreferrer noopener sponsored nofollow\"> <strong>jaqueta puffer volumosa<\/strong> <\/a>por cima e calce t\u00eanis robustos. <\/p>\n\n\n\n<h3 class=\"wp-block-heading\">6. All Black com Texturas<\/h3>\n\n\n\n<p>Como montar um <strong>ariana grande look<\/strong> para um evento \u00e0 noite? V\u00e1 de preto total, mas fa\u00e7a um mix inteligente de materiais para o look n\u00e3o ficar mon\u00f3tono. Uma<a href=\"https:\/\/www.awin1.com\/cread.php?awinmid=17801&amp;awinaffid=1673229&amp;ued=https%3A%2F%2Fwww.lojasrenner.com.br%2Fb%3FNtt%3D%2520blusa%2520de%2520gola%2520alta%2520canelada&amp;platform=pl&amp;clickref=website_blog\" target=\"_blank\" rel=\"noreferrer noopener sponsored nofollow\"> <strong>blusa de gola alta<\/strong><\/a>, uma <strong><a href=\"https:\/\/www.awin1.com\/cread.php?awinmid=17801&amp;awinaffid=1673229&amp;ued=https%3A%2F%2Fwww.lojasrenner.com.br%2Fb%3FNtt%3Dminissaia%2520de%2520couro%2520sint%25C3%25A9tico&amp;platform=pl&amp;clickref=website_blog\" target=\"_blank\" rel=\"noreferrer noopener sponsored nofollow\">minissaia de couro sint\u00e9tico<\/a><\/strong> e uma <strong><a href=\"https:\/\/www.awin1.com\/cread.php?awinmid=17801&amp;awinaffid=1673229&amp;ued=https%3A%2F%2Fwww.lojasrenner.com.br%2Fp%2Fmeia-calca-com-efeito-translucido-e-forro-em-fleece%2F-%2FA-731448036-br.lr%3Fsku%3D804662632&amp;platform=pl&amp;clickref=website_blog\" target=\"_blank\" rel=\"noreferrer noopener sponsored nofollow\">meia-cal\u00e7a preta transl\u00facida<\/a><\/strong>. <\/p>\n\n\n\n<h3 class=\"wp-block-heading\">7. &#8220;Eternal Sunshine&#8221; Chic: Alfaiataria Despojada<\/h3>\n\n\n\n<div class=\"wp-block-columns is-layout-flex wp-container-core-columns-is-layout-9d6595d7 wp-block-columns-is-layout-flex\">\n<div class=\"wp-block-column is-layout-flow wp-block-column-is-layout-flow\" style=\"flex-basis:250px\">\n<figure class=\"wp-block-image size-full\"><img loading=\"lazy\" decoding=\"async\" width=\"584\" height=\"877\" src=\"https:\/\/adorocupom.com\/blog\/wp-content\/uploads\/2026\/04\/ariana-grande-look-blazer-edited.jpg\" alt=\"\" class=\"wp-image-30636\" srcset=\"https:\/\/adorocupom.com\/blog\/wp-content\/uploads\/2026\/04\/ariana-grande-look-blazer-edited.jpg 584w, https:\/\/adorocupom.com\/blog\/wp-content\/uploads\/2026\/04\/ariana-grande-look-blazer-edited-200x300.jpg 200w\" sizes=\"auto, (max-width: 584px) 100vw, 584px\" \/><\/figure>\n<\/div>\n\n\n\n<div class=\"wp-block-column is-layout-flow wp-block-column-is-layout-flow\" style=\"flex-basis:250px\">\n<figure class=\"wp-block-image size-full\"><img loading=\"lazy\" decoding=\"async\" width=\"428\" height=\"642\" src=\"https:\/\/adorocupom.com\/blog\/wp-content\/uploads\/2026\/04\/ariana-grande-blazer-look-edited.jpg\" alt=\"\" class=\"wp-image-30637\" srcset=\"https:\/\/adorocupom.com\/blog\/wp-content\/uploads\/2026\/04\/ariana-grande-blazer-look-edited.jpg 428w, https:\/\/adorocupom.com\/blog\/wp-content\/uploads\/2026\/04\/ariana-grande-blazer-look-edited-200x300.jpg 200w\" sizes=\"auto, (max-width: 428px) 100vw, 428px\" \/><\/figure>\n<\/div>\n<\/div>\n\n\n\n<p>A fase atual da estrela pop revela uma maturidade minimalista. Ela tem adotado a alfaiataria de um jeito subversivo: um<a href=\"https:\/\/www.awin1.com\/cread.php?awinmid=17801&amp;awinaffid=1673229&amp;ued=https%3A%2F%2Fwww.lojasrenner.com.br%2Fb%3FNtt%3D%2520blazer%2520masculino%2520oversized&amp;platform=pl&amp;clickref=website_blog\" target=\"_blank\" rel=\"noreferrer noopener sponsored nofollow\"> <strong>blazer masculino oversized<\/strong> <\/a>usado como vestido, ou acompanhado apenas de uma microssaia quase invis\u00edvel por baixo. Combine com \u00f3culos de sol gatinho vintage e scarpins cl\u00e1ssicos de bico fino. \u00c9 chique, r\u00e1pido de montar no espelho e grita atitude.<\/p>\n\n\n\n<p><em>Veja Tamb\u00e9m: <strong><a href=\"https:\/\/adorocupom.com\/blog\/como-usar-calca-de-alfaiataria-e-montar-looks-elegantes-e-modernos\/\" target=\"_blank\" rel=\"noreferrer noopener sponsored nofollow\">Como Usar Cal\u00e7a de Alfaiataria e Montar Looks Elegantes e Modernos<\/a><\/strong><\/em><\/p>\n\n\n\n<h2 class=\"wp-block-heading\">O Toque Final de Beleza<\/h2>\n\n\n\n<p>Nenhum figurino inspirado nela est\u00e1 completo sem a sua marca registrada de beleza. O rabo de cavalo alto e polido (podendo deixar algumas mechas frontais soltas) \u00e9 obrigat\u00f3rio. Na maquiagem, o delineado gatinho preto afiado \u00e9 inegoci\u00e1vel, acompanhado de l\u00e1bios hidratados com um bom gloss nude ou levemente rosado.<\/p>\n\n\n\n<p>Criar um visual de impacto tem muito mais a ver com criatividade e confian\u00e7a do que com ostenta\u00e7\u00e3o. Pegue essas refer\u00eancias, vasculhe seu arm\u00e1rio ou a sua loja popular favorita, misture as pe\u00e7as e divirta-se criando a sua pr\u00f3pria vers\u00e3o de estrela pop.<\/p>\n","protected":false},"excerpt":{"rendered":"<p>Voc\u00ea j\u00e1 olhou para uma foto de tapete vermelho ou um flagra de paparazzi e pensou em como recriar aquele&#8230;<\/p>\n","protected":false},"author":5,"featured_media":30643,"comment_status":"open","ping_status":"open","sticky":false,"template":"","format":"standard","meta":{"_yoast_wpseo_title":"","_yoast_wpseo_metadesc":"Veja 7 looks inspirados na Ariana Grande para recriar com pe\u00e7as acess\u00edveis, do moletom oversized ao visual coquette e alfaiataria chic.","footnotes":""},"categories":[7],"tags":[],"class_list":["post-30633","post","type-post","status-publish","format-standard","has-post-thumbnail","hentry","category-guias-de-compras"],"yoast_head":"<!-- This site is optimized with the Yoast SEO plugin v27.4 - https:\/\/yoast.com\/product\/yoast-seo-wordpress\/ -->\n<title>7 Looks Inspirados na Ariana Grande para Recriar com Pe\u00e7as Acess\u00edveis - Adoro Cupom Blog<\/title>\n<meta name=\"description\" content=\"Veja 7 looks inspirados na Ariana Grande para recriar com pe\u00e7as acess\u00edveis, do moletom oversized ao visual coquette e alfaiataria chic.\" \/>\n<meta name=\"robots\" content=\"index, follow, max-snippet:-1, max-image-preview:large, max-video-preview:-1\" \/>\n<link rel=\"canonical\" href=\"https:\/\/adorocupom.com\/blog\/7-looks-inspirados-na-ariana-grande-para-recriar-com-pecas-acessiveis\/\" \/>\n<meta property=\"og:locale\" content=\"pt_BR\" \/>\n<meta property=\"og:type\" content=\"article\" \/>\n<meta property=\"og:title\" content=\"7 Looks Inspirados na Ariana Grande para Recriar com Pe\u00e7as Acess\u00edveis - Adoro Cupom Blog\" \/>\n<meta property=\"og:description\" content=\"Veja 7 looks inspirados na Ariana Grande para recriar com pe\u00e7as acess\u00edveis, do moletom oversized ao visual coquette e alfaiataria chic.\" \/>\n<meta property=\"og:url\" content=\"https:\/\/adorocupom.com\/blog\/7-looks-inspirados-na-ariana-grande-para-recriar-com-pecas-acessiveis\/\" \/>\n<meta property=\"og:site_name\" content=\"Adoro Cupom Blog\" \/>\n<meta property=\"article:publisher\" content=\"https:\/\/www.facebook.com\/adorocupombr\" \/>\n<meta property=\"article:published_time\" content=\"2026-04-29T14:04:20+00:00\" \/>\n<meta property=\"article:modified_time\" content=\"2026-04-29T14:04:38+00:00\" \/>\n<meta property=\"og:image\" content=\"https:\/\/adorocupom.com\/blog\/wp-content\/uploads\/2026\/04\/ariana-grande-grammys.webp\" \/>\n\t<meta property=\"og:image:width\" content=\"1000\" \/>\n\t<meta property=\"og:image:height\" content=\"563\" \/>\n\t<meta property=\"og:image:type\" content=\"image\/webp\" \/>\n<meta name=\"author\" content=\"Vit\u00f3ria\" \/>\n<meta name=\"twitter:card\" content=\"summary_large_image\" \/>\n<meta name=\"twitter:creator\" content=\"@adorocupombr\" \/>\n<meta name=\"twitter:site\" content=\"@adorocupombr\" \/>\n<meta name=\"twitter:label1\" content=\"Escrito por\" \/>\n\t<meta name=\"twitter:data1\" content=\"Vit\u00f3ria\" \/>\n\t<meta name=\"twitter:label2\" content=\"Est. tempo de leitura\" \/>\n\t<meta name=\"twitter:data2\" content=\"6 minutos\" \/>\n<script type=\"application\/ld+json\" class=\"yoast-schema-graph\">{\"@context\":\"https:\\\/\\\/schema.org\",\"@graph\":[{\"@type\":\"Article\",\"@id\":\"https:\\\/\\\/adorocupom.com\\\/blog\\\/7-looks-inspirados-na-ariana-grande-para-recriar-com-pecas-acessiveis\\\/#article\",\"isPartOf\":{\"@id\":\"https:\\\/\\\/adorocupom.com\\\/blog\\\/7-looks-inspirados-na-ariana-grande-para-recriar-com-pecas-acessiveis\\\/\"},\"author\":{\"name\":\"Vit\u00f3ria\",\"@id\":\"https:\\\/\\\/adorocupom.com\\\/blog\\\/#\\\/schema\\\/person\\\/58d1ddf6d8da378ef0712855eb14157c\"},\"headline\":\"7 Looks Inspirados na Ariana Grande para Recriar com Pe\u00e7as Acess\u00edveis\",\"datePublished\":\"2026-04-29T14:04:20+00:00\",\"dateModified\":\"2026-04-29T14:04:38+00:00\",\"mainEntityOfPage\":{\"@id\":\"https:\\\/\\\/adorocupom.com\\\/blog\\\/7-looks-inspirados-na-ariana-grande-para-recriar-com-pecas-acessiveis\\\/\"},\"wordCount\":736,\"commentCount\":0,\"publisher\":{\"@id\":\"https:\\\/\\\/adorocupom.com\\\/blog\\\/#organization\"},\"image\":{\"@id\":\"https:\\\/\\\/adorocupom.com\\\/blog\\\/7-looks-inspirados-na-ariana-grande-para-recriar-com-pecas-acessiveis\\\/#primaryimage\"},\"thumbnailUrl\":\"https:\\\/\\\/adorocupom.com\\\/blog\\\/wp-content\\\/uploads\\\/2026\\\/04\\\/ariana-grande-grammys.webp\",\"articleSection\":[\"Guias de compras\"],\"inLanguage\":\"pt-BR\",\"potentialAction\":[{\"@type\":\"CommentAction\",\"name\":\"Comment\",\"target\":[\"https:\\\/\\\/adorocupom.com\\\/blog\\\/7-looks-inspirados-na-ariana-grande-para-recriar-com-pecas-acessiveis\\\/#respond\"]}]},{\"@type\":\"WebPage\",\"@id\":\"https:\\\/\\\/adorocupom.com\\\/blog\\\/7-looks-inspirados-na-ariana-grande-para-recriar-com-pecas-acessiveis\\\/\",\"url\":\"https:\\\/\\\/adorocupom.com\\\/blog\\\/7-looks-inspirados-na-ariana-grande-para-recriar-com-pecas-acessiveis\\\/\",\"name\":\"7 Looks Inspirados na Ariana Grande para Recriar com Pe\u00e7as Acess\u00edveis - Adoro Cupom Blog\",\"isPartOf\":{\"@id\":\"https:\\\/\\\/adorocupom.com\\\/blog\\\/#website\"},\"primaryImageOfPage\":{\"@id\":\"https:\\\/\\\/adorocupom.com\\\/blog\\\/7-looks-inspirados-na-ariana-grande-para-recriar-com-pecas-acessiveis\\\/#primaryimage\"},\"image\":{\"@id\":\"https:\\\/\\\/adorocupom.com\\\/blog\\\/7-looks-inspirados-na-ariana-grande-para-recriar-com-pecas-acessiveis\\\/#primaryimage\"},\"thumbnailUrl\":\"https:\\\/\\\/adorocupom.com\\\/blog\\\/wp-content\\\/uploads\\\/2026\\\/04\\\/ariana-grande-grammys.webp\",\"datePublished\":\"2026-04-29T14:04:20+00:00\",\"dateModified\":\"2026-04-29T14:04:38+00:00\",\"description\":\"Veja 7 looks inspirados na Ariana Grande para recriar com pe\u00e7as acess\u00edveis, do moletom oversized ao visual coquette e alfaiataria chic.\",\"breadcrumb\":{\"@id\":\"https:\\\/\\\/adorocupom.com\\\/blog\\\/7-looks-inspirados-na-ariana-grande-para-recriar-com-pecas-acessiveis\\\/#breadcrumb\"},\"inLanguage\":\"pt-BR\",\"potentialAction\":[{\"@type\":\"ReadAction\",\"target\":[\"https:\\\/\\\/adorocupom.com\\\/blog\\\/7-looks-inspirados-na-ariana-grande-para-recriar-com-pecas-acessiveis\\\/\"]}]},{\"@type\":\"ImageObject\",\"inLanguage\":\"pt-BR\",\"@id\":\"https:\\\/\\\/adorocupom.com\\\/blog\\\/7-looks-inspirados-na-ariana-grande-para-recriar-com-pecas-acessiveis\\\/#primaryimage\",\"url\":\"https:\\\/\\\/adorocupom.com\\\/blog\\\/wp-content\\\/uploads\\\/2026\\\/04\\\/ariana-grande-grammys.webp\",\"contentUrl\":\"https:\\\/\\\/adorocupom.com\\\/blog\\\/wp-content\\\/uploads\\\/2026\\\/04\\\/ariana-grande-grammys.webp\",\"width\":1000,\"height\":563},{\"@type\":\"BreadcrumbList\",\"@id\":\"https:\\\/\\\/adorocupom.com\\\/blog\\\/7-looks-inspirados-na-ariana-grande-para-recriar-com-pecas-acessiveis\\\/#breadcrumb\",\"itemListElement\":[{\"@type\":\"ListItem\",\"position\":1,\"name\":\"Home\",\"item\":\"https:\\\/\\\/adorocupom.com\\\/blog\\\/\"},{\"@type\":\"ListItem\",\"position\":2,\"name\":\"7 Looks Inspirados na Ariana Grande para Recriar com Pe\u00e7as Acess\u00edveis\"}]},{\"@type\":\"WebSite\",\"@id\":\"https:\\\/\\\/adorocupom.com\\\/blog\\\/#website\",\"url\":\"https:\\\/\\\/adorocupom.com\\\/blog\\\/\",\"name\":\"Adoro Cupom Blog\",\"description\":\"\",\"publisher\":{\"@id\":\"https:\\\/\\\/adorocupom.com\\\/blog\\\/#organization\"},\"potentialAction\":[{\"@type\":\"SearchAction\",\"target\":{\"@type\":\"EntryPoint\",\"urlTemplate\":\"https:\\\/\\\/adorocupom.com\\\/blog\\\/?s={search_term_string}\"},\"query-input\":{\"@type\":\"PropertyValueSpecification\",\"valueRequired\":true,\"valueName\":\"search_term_string\"}}],\"inLanguage\":\"pt-BR\"},{\"@type\":\"Organization\",\"@id\":\"https:\\\/\\\/adorocupom.com\\\/blog\\\/#organization\",\"name\":\"Adoro Cupom Blog\",\"url\":\"https:\\\/\\\/adorocupom.com\\\/blog\\\/\",\"logo\":{\"@type\":\"ImageObject\",\"inLanguage\":\"pt-BR\",\"@id\":\"https:\\\/\\\/adorocupom.com\\\/blog\\\/#\\\/schema\\\/logo\\\/image\\\/\",\"url\":\"https:\\\/\\\/adorocupom.com\\\/blog\\\/wp-content\\\/uploads\\\/2026\\\/04\\\/logo-adorocupom-scaled.png\",\"contentUrl\":\"https:\\\/\\\/adorocupom.com\\\/blog\\\/wp-content\\\/uploads\\\/2026\\\/04\\\/logo-adorocupom-scaled.png\",\"width\":1200,\"height\":438,\"caption\":\"Adoro Cupom Blog\"},\"image\":{\"@id\":\"https:\\\/\\\/adorocupom.com\\\/blog\\\/#\\\/schema\\\/logo\\\/image\\\/\"},\"sameAs\":[\"https:\\\/\\\/www.facebook.com\\\/adorocupombr\",\"https:\\\/\\\/x.com\\\/adorocupombr\",\"https:\\\/\\\/www.instagram.com\\\/adorocupom\"]},{\"@type\":\"Person\",\"@id\":\"https:\\\/\\\/adorocupom.com\\\/blog\\\/#\\\/schema\\\/person\\\/58d1ddf6d8da378ef0712855eb14157c\",\"name\":\"Vit\u00f3ria\",\"image\":{\"@type\":\"ImageObject\",\"inLanguage\":\"pt-BR\",\"@id\":\"https:\\\/\\\/secure.gravatar.com\\\/avatar\\\/7242c5496a7ad320a3daef50846496960117e3ab217cd78121648c5b6d89db19?s=96&d=mm&r=g\",\"url\":\"https:\\\/\\\/secure.gravatar.com\\\/avatar\\\/7242c5496a7ad320a3daef50846496960117e3ab217cd78121648c5b6d89db19?s=96&d=mm&r=g\",\"contentUrl\":\"https:\\\/\\\/secure.gravatar.com\\\/avatar\\\/7242c5496a7ad320a3daef50846496960117e3ab217cd78121648c5b6d89db19?s=96&d=mm&r=g\",\"caption\":\"Vit\u00f3ria\"},\"description\":\"Sou publicit\u00e1ria e editora de conte\u00fado do AdoroCupom. Sou questionadora por natureza, e \u00e9 justamente isso que me leva a investigar, testar e traduzir informa\u00e7\u00f5es em guias, comparativos e an\u00e1lises que facilitam sua vida na hora de pesquisar, escolher e comprar online, sempre com conte\u00fado claro, \u00fatil e atualizado para voc\u00ea decidir com mais confian\u00e7a.\"}]}<\/script>\n<!-- \/ Yoast SEO plugin. -->","yoast_head_json":{"title":"7 Looks Inspirados na Ariana Grande para Recriar com Pe\u00e7as Acess\u00edveis - Adoro Cupom Blog","description":"Veja 7 looks inspirados na Ariana Grande para recriar com pe\u00e7as acess\u00edveis, do moletom oversized ao visual coquette e alfaiataria chic.","robots":{"index":"index","follow":"follow","max-snippet":"max-snippet:-1","max-image-preview":"max-image-preview:large","max-video-preview":"max-video-preview:-1"},"canonical":"https:\/\/adorocupom.com\/blog\/7-looks-inspirados-na-ariana-grande-para-recriar-com-pecas-acessiveis\/","og_locale":"pt_BR","og_type":"article","og_title":"7 Looks Inspirados na Ariana Grande para Recriar com Pe\u00e7as Acess\u00edveis - Adoro Cupom Blog","og_description":"Veja 7 looks inspirados na Ariana Grande para recriar com pe\u00e7as acess\u00edveis, do moletom oversized ao visual coquette e alfaiataria chic.","og_url":"https:\/\/adorocupom.com\/blog\/7-looks-inspirados-na-ariana-grande-para-recriar-com-pecas-acessiveis\/","og_site_name":"Adoro Cupom Blog","article_publisher":"https:\/\/www.facebook.com\/adorocupombr","article_published_time":"2026-04-29T14:04:20+00:00","article_modified_time":"2026-04-29T14:04:38+00:00","og_image":[{"width":1000,"height":563,"url":"https:\/\/adorocupom.com\/blog\/wp-content\/uploads\/2026\/04\/ariana-grande-grammys.webp","type":"image\/webp"}],"author":"Vit\u00f3ria","twitter_card":"summary_large_image","twitter_creator":"@adorocupombr","twitter_site":"@adorocupombr","twitter_misc":{"Escrito por":"Vit\u00f3ria","Est. tempo de leitura":"6 minutos"},"schema":{"@context":"https:\/\/schema.org","@graph":[{"@type":"Article","@id":"https:\/\/adorocupom.com\/blog\/7-looks-inspirados-na-ariana-grande-para-recriar-com-pecas-acessiveis\/#article","isPartOf":{"@id":"https:\/\/adorocupom.com\/blog\/7-looks-inspirados-na-ariana-grande-para-recriar-com-pecas-acessiveis\/"},"author":{"name":"Vit\u00f3ria","@id":"https:\/\/adorocupom.com\/blog\/#\/schema\/person\/58d1ddf6d8da378ef0712855eb14157c"},"headline":"7 Looks Inspirados na Ariana Grande para Recriar com Pe\u00e7as Acess\u00edveis","datePublished":"2026-04-29T14:04:20+00:00","dateModified":"2026-04-29T14:04:38+00:00","mainEntityOfPage":{"@id":"https:\/\/adorocupom.com\/blog\/7-looks-inspirados-na-ariana-grande-para-recriar-com-pecas-acessiveis\/"},"wordCount":736,"commentCount":0,"publisher":{"@id":"https:\/\/adorocupom.com\/blog\/#organization"},"image":{"@id":"https:\/\/adorocupom.com\/blog\/7-looks-inspirados-na-ariana-grande-para-recriar-com-pecas-acessiveis\/#primaryimage"},"thumbnailUrl":"https:\/\/adorocupom.com\/blog\/wp-content\/uploads\/2026\/04\/ariana-grande-grammys.webp","articleSection":["Guias de compras"],"inLanguage":"pt-BR","potentialAction":[{"@type":"CommentAction","name":"Comment","target":["https:\/\/adorocupom.com\/blog\/7-looks-inspirados-na-ariana-grande-para-recriar-com-pecas-acessiveis\/#respond"]}]},{"@type":"WebPage","@id":"https:\/\/adorocupom.com\/blog\/7-looks-inspirados-na-ariana-grande-para-recriar-com-pecas-acessiveis\/","url":"https:\/\/adorocupom.com\/blog\/7-looks-inspirados-na-ariana-grande-para-recriar-com-pecas-acessiveis\/","name":"7 Looks Inspirados na Ariana Grande para Recriar com Pe\u00e7as Acess\u00edveis - Adoro Cupom Blog","isPartOf":{"@id":"https:\/\/adorocupom.com\/blog\/#website"},"primaryImageOfPage":{"@id":"https:\/\/adorocupom.com\/blog\/7-looks-inspirados-na-ariana-grande-para-recriar-com-pecas-acessiveis\/#primaryimage"},"image":{"@id":"https:\/\/adorocupom.com\/blog\/7-looks-inspirados-na-ariana-grande-para-recriar-com-pecas-acessiveis\/#primaryimage"},"thumbnailUrl":"https:\/\/adorocupom.com\/blog\/wp-content\/uploads\/2026\/04\/ariana-grande-grammys.webp","datePublished":"2026-04-29T14:04:20+00:00","dateModified":"2026-04-29T14:04:38+00:00","description":"Veja 7 looks inspirados na Ariana Grande para recriar com pe\u00e7as acess\u00edveis, do moletom oversized ao visual coquette e alfaiataria chic.","breadcrumb":{"@id":"https:\/\/adorocupom.com\/blog\/7-looks-inspirados-na-ariana-grande-para-recriar-com-pecas-acessiveis\/#breadcrumb"},"inLanguage":"pt-BR","potentialAction":[{"@type":"ReadAction","target":["https:\/\/adorocupom.com\/blog\/7-looks-inspirados-na-ariana-grande-para-recriar-com-pecas-acessiveis\/"]}]},{"@type":"ImageObject","inLanguage":"pt-BR","@id":"https:\/\/adorocupom.com\/blog\/7-looks-inspirados-na-ariana-grande-para-recriar-com-pecas-acessiveis\/#primaryimage","url":"https:\/\/adorocupom.com\/blog\/wp-content\/uploads\/2026\/04\/ariana-grande-grammys.webp","contentUrl":"https:\/\/adorocupom.com\/blog\/wp-content\/uploads\/2026\/04\/ariana-grande-grammys.webp","width":1000,"height":563},{"@type":"BreadcrumbList","@id":"https:\/\/adorocupom.com\/blog\/7-looks-inspirados-na-ariana-grande-para-recriar-com-pecas-acessiveis\/#breadcrumb","itemListElement":[{"@type":"ListItem","position":1,"name":"Home","item":"https:\/\/adorocupom.com\/blog\/"},{"@type":"ListItem","position":2,"name":"7 Looks Inspirados na Ariana Grande para Recriar com Pe\u00e7as Acess\u00edveis"}]},{"@type":"WebSite","@id":"https:\/\/adorocupom.com\/blog\/#website","url":"https:\/\/adorocupom.com\/blog\/","name":"Adoro Cupom Blog","description":"","publisher":{"@id":"https:\/\/adorocupom.com\/blog\/#organization"},"potentialAction":[{"@type":"SearchAction","target":{"@type":"EntryPoint","urlTemplate":"https:\/\/adorocupom.com\/blog\/?s={search_term_string}"},"query-input":{"@type":"PropertyValueSpecification","valueRequired":true,"valueName":"search_term_string"}}],"inLanguage":"pt-BR"},{"@type":"Organization","@id":"https:\/\/adorocupom.com\/blog\/#organization","name":"Adoro Cupom Blog","url":"https:\/\/adorocupom.com\/blog\/","logo":{"@type":"ImageObject","inLanguage":"pt-BR","@id":"https:\/\/adorocupom.com\/blog\/#\/schema\/logo\/image\/","url":"https:\/\/adorocupom.com\/blog\/wp-content\/uploads\/2026\/04\/logo-adorocupom-scaled.png","contentUrl":"https:\/\/adorocupom.com\/blog\/wp-content\/uploads\/2026\/04\/logo-adorocupom-scaled.png","width":1200,"height":438,"caption":"Adoro Cupom Blog"},"image":{"@id":"https:\/\/adorocupom.com\/blog\/#\/schema\/logo\/image\/"},"sameAs":["https:\/\/www.facebook.com\/adorocupombr","https:\/\/x.com\/adorocupombr","https:\/\/www.instagram.com\/adorocupom"]},{"@type":"Person","@id":"https:\/\/adorocupom.com\/blog\/#\/schema\/person\/58d1ddf6d8da378ef0712855eb14157c","name":"Vit\u00f3ria","image":{"@type":"ImageObject","inLanguage":"pt-BR","@id":"https:\/\/secure.gravatar.com\/avatar\/7242c5496a7ad320a3daef50846496960117e3ab217cd78121648c5b6d89db19?s=96&d=mm&r=g","url":"https:\/\/secure.gravatar.com\/avatar\/7242c5496a7ad320a3daef50846496960117e3ab217cd78121648c5b6d89db19?s=96&d=mm&r=g","contentUrl":"https:\/\/secure.gravatar.com\/avatar\/7242c5496a7ad320a3daef50846496960117e3ab217cd78121648c5b6d89db19?s=96&d=mm&r=g","caption":"Vit\u00f3ria"},"description":"Sou publicit\u00e1ria e editora de conte\u00fado do AdoroCupom. Sou questionadora por natureza, e \u00e9 justamente isso que me leva a investigar, testar e traduzir informa\u00e7\u00f5es em guias, comparativos e an\u00e1lises que facilitam sua vida na hora de pesquisar, escolher e comprar online, sempre com conte\u00fado claro, \u00fatil e atualizado para voc\u00ea decidir com mais confian\u00e7a."}]}},"_links":{"self":[{"href":"https:\/\/adorocupom.com\/blog\/wp-json\/wp\/v2\/posts\/30633","targetHints":{"allow":["GET"]}}],"collection":[{"href":"https:\/\/adorocupom.com\/blog\/wp-json\/wp\/v2\/posts"}],"about":[{"href":"https:\/\/adorocupom.com\/blog\/wp-json\/wp\/v2\/types\/post"}],"author":[{"embeddable":true,"href":"https:\/\/adorocupom.com\/blog\/wp-json\/wp\/v2\/users\/5"}],"replies":[{"embeddable":true,"href":"https:\/\/adorocupom.com\/blog\/wp-json\/wp\/v2\/comments?post=30633"}],"version-history":[{"count":2,"href":"https:\/\/adorocupom.com\/blog\/wp-json\/wp\/v2\/posts\/30633\/revisions"}],"predecessor-version":[{"id":30645,"href":"https:\/\/adorocupom.com\/blog\/wp-json\/wp\/v2\/posts\/30633\/revisions\/30645"}],"wp:featuredmedia":[{"embeddable":true,"href":"https:\/\/adorocupom.com\/blog\/wp-json\/wp\/v2\/media\/30643"}],"wp:attachment":[{"href":"https:\/\/adorocupom.com\/blog\/wp-json\/wp\/v2\/media?parent=30633"}],"wp:term":[{"taxonomy":"category","embeddable":true,"href":"https:\/\/adorocupom.com\/blog\/wp-json\/wp\/v2\/categories?post=30633"},{"taxonomy":"post_tag","embeddable":true,"href":"https:\/\/adorocupom.com\/blog\/wp-json\/wp\/v2\/tags?post=30633"}],"curies":[{"name":"wp","href":"https:\/\/api.w.org\/{rel}","templated":true}]}}