{"id":30689,"date":"2026-04-29T14:29:16","date_gmt":"2026-04-29T17:29:16","guid":{"rendered":"https:\/\/adorocupom.com\/blog\/?p=30689"},"modified":"2026-04-29T14:29:28","modified_gmt":"2026-04-29T17:29:28","slug":"8-inspiracoes-de-cabeceiras-criativas-e-estilosas-para-revolucionar-seu-quarto","status":"publish","type":"post","link":"https:\/\/adorocupom.com\/blog\/8-inspiracoes-de-cabeceiras-criativas-e-estilosas-para-revolucionar-seu-quarto\/","title":{"rendered":"8 Inspira\u00e7\u00f5es de Cabeceiras Criativas e Estilosas para Revolucionar Seu Quarto"},"content":{"rendered":"\n<p>Voc\u00ea entra no seu quarto e sente que falta algo? Muitas vezes, o grande segredo de um ambiente com apar\u00eancia de capa de revista n\u00e3o est\u00e1 em m\u00f3veis caros ou reformas intermin\u00e1veis. A resposta pode estar bem atr\u00e1s do seu travesseiro. As cabeceiras criativas s\u00e3o o grande trunfo da decora\u00e7\u00e3o contempor\u00e2nea, trazendo personalidade, conforto t\u00e9rmico e ac\u00fastico, al\u00e9m de otimizar espa\u00e7os compactos.<\/p>\n\n\n\n<p>Seja voc\u00ea um f\u00e3 do estilo minimalista, r\u00fastico, industrial ou das tend\u00eancias mais quentes de 2026, o painel atr\u00e1s da cama dita o ritmo visual do c\u00f4modo. E a melhor parte: inovar n\u00e3o significa estourar o or\u00e7amento. Abaixo, detalhamos 8 ideias geniais para revolucionar o seu espa\u00e7o.<\/p>\n\n\n\n<p><em>Aproveite <strong><a href=\"https:\/\/adorocupom.com\/cupons-de-desconto\/leroy-merlin\/\" target=\"_blank\" rel=\"noreferrer noopener sponsored nofollow\">cupons e ofertas da Leroy Merlin<\/a><\/strong> para economizar em cabeceiras, m\u00f3veis e itens de decora\u00e7\u00e3o para o quarto.<\/em><\/p>\n\n\n\n<h3 class=\"wp-block-heading\">1. <a href=\"https:\/\/click.linksynergy.com\/deeplink?id=CrsagZG%2F1%2Aw&amp;mid=47732&amp;murl=https%3A%2F%2Fwww.leroymerlin.com.br%2Fsearch%3Fterm%3DCabeceira%2520estofada%2520painel%2520vertical%26searchTerm%3DCabeceira%2520estofada%2520painel%2520vertical%26searchType%3Ddefault&amp;u1=website_blog\" target=\"_blank\" rel=\"noreferrer noopener sponsored nofollow\">Cabeceira estofada painel vertical<\/a><\/h3>\n\n\n\n<p>\u00c9 uma das op\u00e7\u00f5es mais vendidas atualmente. O visual com gomos verticais deixa o quarto mais alto visualmente e combina com decora\u00e7\u00e3o moderna. Geralmente aparece em suede, linho sint\u00e9tico, veludo ou courino.<\/p>\n\n\n\n<figure class=\"wp-block-image size-full is-resized\"><img loading=\"lazy\" decoding=\"async\" width=\"600\" height=\"450\" src=\"https:\/\/adorocupom.com\/blog\/wp-content\/uploads\/2026\/04\/painel_cabeceira_queen_size_160mx60cm_modulada_estofada-edited.jpg\" alt=\"\" class=\"wp-image-30691\" style=\"width:316px;height:auto\" srcset=\"https:\/\/adorocupom.com\/blog\/wp-content\/uploads\/2026\/04\/painel_cabeceira_queen_size_160mx60cm_modulada_estofada-edited.jpg 600w, https:\/\/adorocupom.com\/blog\/wp-content\/uploads\/2026\/04\/painel_cabeceira_queen_size_160mx60cm_modulada_estofada-edited-300x225.jpg 300w, https:\/\/adorocupom.com\/blog\/wp-content\/uploads\/2026\/04\/painel_cabeceira_queen_size_160mx60cm_modulada_estofada-edited-80x60.jpg 80w\" sizes=\"auto, (max-width: 600px) 100vw, 600px\" \/><\/figure>\n\n\n\n<p><strong><em><a href=\"https:\/\/click.linksynergy.com\/deeplink?id=CrsagZG%2F1%2Aw&amp;mid=47732&amp;murl=https%3A%2F%2Fwww.leroymerlin.com.br%2Fsearch%3Fterm%3DCabeceira%2520estofada%2520painel%2520vertical%26searchTerm%3DCabeceira%2520estofada%2520painel%2520vertical%26searchType%3Ddefault&amp;u1=website_blog\" type=\"link\" id=\"https:\/\/click.linksynergy.com\/deeplink?id=CrsagZG%2F1%2Aw&amp;mid=47732&amp;murl=https%3A%2F%2Fwww.leroymerlin.com.br%2Fsearch%3Fterm%3DCabeceira%2520estofada%2520painel%2520vertical%26searchTerm%3DCabeceira%2520estofada%2520painel%2520vertical%26searchType%3Ddefault&amp;u1=website_blog\" target=\"_blank\" rel=\"noreferrer noopener sponsored nofollow\">Veja Op\u00e7\u00f5es<\/a><\/em><\/strong><\/p>\n\n\n\n<p><strong>Melhor para:<\/strong> quartos modernos, cama queen ou casal.<br><strong>Pesquise por:<\/strong> cabeceira estofada painel vertical, cabeceira gomos verticais, cabeceira ripada estofada.<\/p>\n\n\n\n<h3 class=\"wp-block-heading\">2. <a href=\"https:\/\/click.linksynergy.com\/deeplink?id=CrsagZG%2F1%2Aw&amp;mid=47732&amp;murl=https%3A%2F%2Fwww.leroymerlin.com.br%2Fsearch%3Fterm%3DCabeceira%2520capiton%25C3%25AA%2520pronta%26searchTerm%3DCabeceira%2520capiton%25C3%25AA%2520pronta%26searchType%3Ddefault&amp;u1=website_blog\" target=\"_blank\" rel=\"noreferrer noopener sponsored nofollow\">Cabeceira capiton\u00ea pronta<\/a><\/h3>\n\n\n\n<p>O capiton\u00ea \u00e9 o modelo cl\u00e1ssico com bot\u00f5es ou pontos afundados no tecido. Tem apar\u00eancia mais elegante e funciona bem em quartos rom\u00e2nticos, sofisticados ou com decora\u00e7\u00e3o mais tradicional.<\/p>\n\n\n\n<figure class=\"wp-block-image size-full is-resized\"><img loading=\"lazy\" decoding=\"async\" width=\"600\" height=\"600\" src=\"https:\/\/adorocupom.com\/blog\/wp-content\/uploads\/2026\/04\/cabeceira_cama_box_casal_queen_size_lylla_160cm_capitone.jpg\" alt=\"\" class=\"wp-image-30692\" style=\"width:297px;height:auto\" srcset=\"https:\/\/adorocupom.com\/blog\/wp-content\/uploads\/2026\/04\/cabeceira_cama_box_casal_queen_size_lylla_160cm_capitone.jpg 600w, https:\/\/adorocupom.com\/blog\/wp-content\/uploads\/2026\/04\/cabeceira_cama_box_casal_queen_size_lylla_160cm_capitone-300x300.jpg 300w, https:\/\/adorocupom.com\/blog\/wp-content\/uploads\/2026\/04\/cabeceira_cama_box_casal_queen_size_lylla_160cm_capitone-150x150.jpg 150w\" sizes=\"auto, (max-width: 600px) 100vw, 600px\" \/><\/figure>\n\n\n\n<p><strong><em><a href=\"https:\/\/click.linksynergy.com\/deeplink?id=CrsagZG%2F1%2Aw&amp;mid=47732&amp;murl=https%3A%2F%2Fwww.leroymerlin.com.br%2Fsearch%3Fterm%3DCabeceira%2520capiton%25C3%25AA%2520pronta%26searchTerm%3DCabeceira%2520capiton%25C3%25AA%2520pronta%26searchType%3Ddefault&amp;u1=website_blog\" type=\"link\" id=\"https:\/\/click.linksynergy.com\/deeplink?id=CrsagZG%2F1%2Aw&amp;mid=47732&amp;murl=https%3A%2F%2Fwww.leroymerlin.com.br%2Fsearch%3Fterm%3DCabeceira%2520capiton%25C3%25AA%2520pronta%26searchTerm%3DCabeceira%2520capiton%25C3%25AA%2520pronta%26searchType%3Ddefault&amp;u1=website_blog\" target=\"_blank\" rel=\"noreferrer noopener sponsored nofollow\">Veja Op\u00e7\u00f5es<\/a><\/em><\/strong><\/p>\n\n\n\n<p><strong>Melhor para:<\/strong> quem quer um visual mais premium sem gastar com marcenaria.<br><strong>Pesquise por:<\/strong> cabeceira capiton\u00ea casal, cabeceira capiton\u00ea queen, cabeceira estofada com bot\u00f5es.<\/p>\n\n\n\n<h3 class=\"wp-block-heading\">3. <a href=\"https:\/\/click.linksynergy.com\/deeplink?id=CrsagZG%2F1%2Aw&amp;mid=47732&amp;murl=https%3A%2F%2Fwww.leroymerlin.com.br%2Fsearch%3Fterm%3DCabeceira%2520em%2520linho%2520%26searchTerm%3DCabeceira%2520em%2520linho%2520%26searchType%3Ddefault&amp;u1=website_blog\" target=\"_blank\" rel=\"noreferrer noopener sponsored nofollow\">Cabeceira em linho <\/a><\/h3>\n\n\n\n<p>\u00c9 a compra mais segura para quem n\u00e3o quer errar. <\/p>\n\n\n\n<figure class=\"wp-block-image size-full is-resized\"><img loading=\"lazy\" decoding=\"async\" width=\"600\" height=\"600\" src=\"https:\/\/adorocupom.com\/blog\/wp-content\/uploads\/2026\/04\/cabeceira_estofada_cama_box_casal_alana_140cm_linho_rose.jpg\" alt=\"\" class=\"wp-image-30693\" style=\"width:272px;height:auto\" srcset=\"https:\/\/adorocupom.com\/blog\/wp-content\/uploads\/2026\/04\/cabeceira_estofada_cama_box_casal_alana_140cm_linho_rose.jpg 600w, https:\/\/adorocupom.com\/blog\/wp-content\/uploads\/2026\/04\/cabeceira_estofada_cama_box_casal_alana_140cm_linho_rose-300x300.jpg 300w, https:\/\/adorocupom.com\/blog\/wp-content\/uploads\/2026\/04\/cabeceira_estofada_cama_box_casal_alana_140cm_linho_rose-150x150.jpg 150w\" sizes=\"auto, (max-width: 600px) 100vw, 600px\" \/><\/figure>\n\n\n\n<p><strong><em><a href=\"https:\/\/click.linksynergy.com\/deeplink?id=CrsagZG%2F1%2Aw&amp;mid=47732&amp;murl=https%3A%2F%2Fwww.leroymerlin.com.br%2Fsearch%3Fterm%3DCabeceira%2520em%2520linho%2520%26searchTerm%3DCabeceira%2520em%2520linho%2520%26searchType%3Ddefault&amp;u1=website_blog\" type=\"link\" id=\"https:\/\/click.linksynergy.com\/deeplink?id=CrsagZG%2F1%2Aw&amp;mid=47732&amp;murl=https%3A%2F%2Fwww.leroymerlin.com.br%2Fsearch%3Fterm%3DCabeceira%2520em%2520linho%2520%26searchTerm%3DCabeceira%2520em%2520linho%2520%26searchType%3Ddefault&amp;u1=website_blog\" target=\"_blank\" rel=\"noreferrer noopener sponsored nofollow\">Veja Op\u00e7\u00f5es<\/a><\/em><\/strong><\/p>\n\n\n\n<p><strong>Melhor para:<\/strong> quartos pequenos e decora\u00e7\u00e3o minimalista.<br><strong>Pesquise por:<\/strong> cabeceira estofada lisa, cabeceira suede casal, cabeceira linho queen.<\/p>\n\n\n\n<h3 class=\"wp-block-heading\">4. <a href=\"https:\/\/click.linksynergy.com\/deeplink?id=CrsagZG%2F1%2Aw&amp;mid=47732&amp;murl=https%3A%2F%2Fwww.leroymerlin.com.br%2Fsearch%3Fterm%3DCabeceira%2520ba%25C3%25BA%2520%26searchTerm%3DCabeceira%2520ba%25C3%25BA%2520%26searchType%3Ddefault&amp;u1=website_blog\" target=\"_blank\" rel=\"noreferrer noopener sponsored nofollow\">Cabeceira ba\u00fa <\/a><\/h3>\n\n\n\n<p>Boa para quem precisa de espa\u00e7o extra. Alguns modelos j\u00e1 v\u00eam com prateleiras, nichos laterais ou compartimento interno, funcionando como apoio para livros, celular e objetos pequenos.<\/p>\n\n\n\n<figure class=\"wp-block-image size-full is-resized\"><img loading=\"lazy\" decoding=\"async\" width=\"600\" height=\"600\" src=\"https:\/\/adorocupom.com\/blog\/wp-content\/uploads\/2026\/04\/cabeceira_cama_box_casal_160cm_corano_branco.jpg\" alt=\"\" class=\"wp-image-30694\" style=\"width:311px;height:auto\" srcset=\"https:\/\/adorocupom.com\/blog\/wp-content\/uploads\/2026\/04\/cabeceira_cama_box_casal_160cm_corano_branco.jpg 600w, https:\/\/adorocupom.com\/blog\/wp-content\/uploads\/2026\/04\/cabeceira_cama_box_casal_160cm_corano_branco-300x300.jpg 300w, https:\/\/adorocupom.com\/blog\/wp-content\/uploads\/2026\/04\/cabeceira_cama_box_casal_160cm_corano_branco-150x150.jpg 150w\" sizes=\"auto, (max-width: 600px) 100vw, 600px\" \/><\/figure>\n\n\n\n<p><strong><em><a href=\"https:\/\/click.linksynergy.com\/deeplink?id=CrsagZG%2F1%2Aw&amp;mid=47732&amp;murl=https%3A%2F%2Fwww.leroymerlin.com.br%2Fsearch%3Fterm%3DCabeceira%2520ba%25C3%25BA%2520%26searchTerm%3DCabeceira%2520ba%25C3%25BA%2520%26searchType%3Ddefault&amp;u1=website_blog\" type=\"link\" id=\"https:\/\/click.linksynergy.com\/deeplink?id=CrsagZG%2F1%2Aw&amp;mid=47732&amp;murl=https%3A%2F%2Fwww.leroymerlin.com.br%2Fsearch%3Fterm%3DCabeceira%2520ba%25C3%25BA%2520%26searchTerm%3DCabeceira%2520ba%25C3%25BA%2520%26searchType%3Ddefault&amp;u1=website_blog\" target=\"_blank\" rel=\"noreferrer noopener sponsored nofollow\">Veja Op\u00e7\u00f5es<\/a><\/em><\/strong><\/p>\n\n\n\n<p><strong>Melhor para:<\/strong> quartos compactos e apartamentos pequenos.<br><strong>Pesquise por:<\/strong> cabeceira com nichos, cabeceira ba\u00fa casal, cabeceira funcional.<\/p>\n\n\n\n<h3 class=\"wp-block-heading\">5. <a href=\"https:\/\/click.linksynergy.com\/deeplink?id=CrsagZG%2F1%2Aw&amp;mid=47732&amp;murl=https%3A%2F%2Fwww.leroymerlin.com.br%2Fsearch%3Fterm%3DCabeceira%2520ripada%2520pronta%2520em%2520MDF%26searchTerm%3DCabeceira%2520ripada%2520pronta%2520em%2520MDF%26searchType%3Ddefault&amp;u1=website_blog\" target=\"_blank\" rel=\"noreferrer noopener sponsored nofollow\">Cabeceira ripada pronta em MDF<\/a><\/h3>\n\n\n\n<p>Entrega visual de marcenaria planejada, mas sem o custo de um projeto sob medida. \u00c9 vendida em placas ou pain\u00e9is prontos e combina muito com quartos modernos.<\/p>\n\n\n\n<figure class=\"wp-block-image size-full is-resized\"><img loading=\"lazy\" decoding=\"async\" width=\"600\" height=\"600\" src=\"https:\/\/adorocupom.com\/blog\/wp-content\/uploads\/2026\/04\/cabeceira_ripada_maraca_king_320cm_mdf_mdp_com_2_mesa.jpg\" alt=\"\" class=\"wp-image-30695\" style=\"width:395px;height:auto\" srcset=\"https:\/\/adorocupom.com\/blog\/wp-content\/uploads\/2026\/04\/cabeceira_ripada_maraca_king_320cm_mdf_mdp_com_2_mesa.jpg 600w, https:\/\/adorocupom.com\/blog\/wp-content\/uploads\/2026\/04\/cabeceira_ripada_maraca_king_320cm_mdf_mdp_com_2_mesa-300x300.jpg 300w, https:\/\/adorocupom.com\/blog\/wp-content\/uploads\/2026\/04\/cabeceira_ripada_maraca_king_320cm_mdf_mdp_com_2_mesa-150x150.jpg 150w\" sizes=\"auto, (max-width: 600px) 100vw, 600px\" \/><\/figure>\n\n\n\n<p><strong><em><a href=\"https:\/\/click.linksynergy.com\/deeplink?id=CrsagZG%2F1%2Aw&amp;mid=47732&amp;murl=https%3A%2F%2Fwww.leroymerlin.com.br%2Fsearch%3Fterm%3DCabeceira%2520ripada%2520pronta%2520em%2520MDF%26searchTerm%3DCabeceira%2520ripada%2520pronta%2520em%2520MDF%26searchType%3Ddefault&amp;u1=website_blog\" type=\"link\" id=\"https:\/\/click.linksynergy.com\/deeplink?id=CrsagZG%2F1%2Aw&amp;mid=47732&amp;murl=https%3A%2F%2Fwww.leroymerlin.com.br%2Fsearch%3Fterm%3DCabeceira%2520ripada%2520pronta%2520em%2520MDF%26searchTerm%3DCabeceira%2520ripada%2520pronta%2520em%2520MDF%26searchType%3Ddefault&amp;u1=website_blog\" target=\"_blank\" rel=\"noreferrer noopener sponsored nofollow\">Veja Op\u00e7\u00f5es<\/a><\/em><\/strong><\/p>\n\n\n\n<p><strong>Melhor para:<\/strong> quem gosta de decora\u00e7\u00e3o contempor\u00e2nea e tons amadeirados.<br><strong>Pesquise por:<\/strong> cabeceira ripada MDF, painel ripado cabeceira, cabeceira madeira ripada.<\/p>\n\n\n\n<h3 class=\"wp-block-heading\">6. <a href=\"https:\/\/click.linksynergy.com\/deeplink?id=CrsagZG%2F1%2Aw&amp;mid=47732&amp;murl=https%3A%2F%2Fwww.leroymerlin.com.br%2Fsearch%3Fterm%3DCabeceira%2520de%2520palhinha%26searchTerm%3DCabeceira%2520de%2520palhinha%26searchType%3Ddefault&amp;u1=website_blog\" target=\"_blank\" rel=\"noreferrer noopener sponsored nofollow\">Cabeceira de palhinha<\/a><\/h3>\n\n\n\n<p>Perfeita para quem quer um quarto com est\u00e9tica boho, natural ou praiana. O visual \u00e9 leve, elegante e combina bem com roupa de cama branca, bege, terracota e verde.<\/p>\n\n\n\n<figure class=\"wp-block-image size-full is-resized\"><img loading=\"lazy\" decoding=\"async\" width=\"600\" height=\"600\" src=\"https:\/\/adorocupom.com\/blog\/wp-content\/uploads\/2026\/04\/cabeceira_solteiro_90_cm_palhinha.jpg\" alt=\"\" class=\"wp-image-30696\" style=\"width:297px;height:auto\" srcset=\"https:\/\/adorocupom.com\/blog\/wp-content\/uploads\/2026\/04\/cabeceira_solteiro_90_cm_palhinha.jpg 600w, https:\/\/adorocupom.com\/blog\/wp-content\/uploads\/2026\/04\/cabeceira_solteiro_90_cm_palhinha-300x300.jpg 300w, https:\/\/adorocupom.com\/blog\/wp-content\/uploads\/2026\/04\/cabeceira_solteiro_90_cm_palhinha-150x150.jpg 150w\" sizes=\"auto, (max-width: 600px) 100vw, 600px\" \/><\/figure>\n\n\n\n<p><strong><em><a href=\"https:\/\/click.linksynergy.com\/deeplink?id=CrsagZG%2F1%2Aw&amp;mid=47732&amp;murl=https%3A%2F%2Fwww.leroymerlin.com.br%2Fsearch%3Fterm%3DCabeceira%2520de%2520palhinha%26searchTerm%3DCabeceira%2520de%2520palhinha%26searchType%3Ddefault&amp;u1=website_blog\" type=\"link\" id=\"https:\/\/click.linksynergy.com\/deeplink?id=CrsagZG%2F1%2Aw&amp;mid=47732&amp;murl=https%3A%2F%2Fwww.leroymerlin.com.br%2Fsearch%3Fterm%3DCabeceira%2520de%2520palhinha%26searchTerm%3DCabeceira%2520de%2520palhinha%26searchType%3Ddefault&amp;u1=website_blog\" target=\"_blank\" rel=\"noreferrer noopener sponsored nofollow\">Veja Op\u00e7\u00f5es<\/a><\/em><\/strong><\/p>\n\n\n\n<p><strong>Melhor para:<\/strong> decora\u00e7\u00e3o boho, tropical ou natural.<br><strong>Pesquise por:<\/strong> cabeceira palhinha, cabeceira rattan, cabeceira fibra natural.<\/p>\n\n\n\n<h3 class=\"wp-block-heading\">7. <a href=\"https:\/\/click.linksynergy.com\/deeplink?id=CrsagZG%2F1%2Aw&amp;mid=47732&amp;murl=https%3A%2F%2Fwww.leroymerlin.com.br%2Fsearch%3Fterm%3DCabeceira%2520modular%2520estofada%26searchTerm%3DCabeceira%2520modular%2520estofada%26searchType%3Ddefault&amp;u1=website_blog\" target=\"_blank\" rel=\"noreferrer noopener sponsored nofollow\">Cabeceira modular estofada<\/a><\/h3>\n\n\n\n<p>S\u00e3o placas vendidas separadamente ou em kits. A vantagem \u00e9 montar do tamanho que voc\u00ea quiser, inclusive ocupando a parede inteira atr\u00e1s da cama.<\/p>\n\n\n\n<figure class=\"wp-block-image size-full is-resized\"><img loading=\"lazy\" decoding=\"async\" width=\"517\" height=\"517\" src=\"https:\/\/adorocupom.com\/blog\/wp-content\/uploads\/2026\/04\/cabeceira_de_cama_box_modular_estofada-edited.jpg\" alt=\"\" class=\"wp-image-30698\" style=\"width:326px;height:auto\" srcset=\"https:\/\/adorocupom.com\/blog\/wp-content\/uploads\/2026\/04\/cabeceira_de_cama_box_modular_estofada-edited.jpg 517w, https:\/\/adorocupom.com\/blog\/wp-content\/uploads\/2026\/04\/cabeceira_de_cama_box_modular_estofada-edited-300x300.jpg 300w, https:\/\/adorocupom.com\/blog\/wp-content\/uploads\/2026\/04\/cabeceira_de_cama_box_modular_estofada-edited-150x150.jpg 150w\" sizes=\"auto, (max-width: 517px) 100vw, 517px\" \/><\/figure>\n\n\n\n<p><strong><em><a href=\"https:\/\/click.linksynergy.com\/deeplink?id=CrsagZG%2F1%2Aw&amp;mid=47732&amp;murl=https%3A%2F%2Fwww.leroymerlin.com.br%2Fsearch%3Fterm%3DCabeceira%2520modular%2520estofada%26searchTerm%3DCabeceira%2520modular%2520estofada%26searchType%3Ddefault&amp;u1=website_blog\" type=\"link\" id=\"https:\/\/click.linksynergy.com\/deeplink?id=CrsagZG%2F1%2Aw&amp;mid=47732&amp;murl=https%3A%2F%2Fwww.leroymerlin.com.br%2Fsearch%3Fterm%3DCabeceira%2520modular%2520estofada%26searchTerm%3DCabeceira%2520modular%2520estofada%26searchType%3Ddefault&amp;u1=website_blog\" target=\"_blank\" rel=\"noreferrer noopener sponsored nofollow\">Veja Op\u00e7\u00f5es<\/a><\/em><\/strong><\/p>\n\n\n\n<p><strong>Melhor para:<\/strong> quem quer personaliza\u00e7\u00e3o sem contratar marceneiro.<br><strong>Pesquise por:<\/strong> placa estofada cabeceira, cabeceira modular, painel estofado adesivo.<\/p>\n\n\n\n<h3 class=\"wp-block-heading\">8.<a href=\"https:\/\/click.linksynergy.com\/deeplink?id=CrsagZG%2F1%2Aw&amp;mid=47732&amp;murl=https%3A%2F%2Fwww.leroymerlin.com.br%2Fcabeceira-casal-queen-com-2-mesas-de-cabeceira-led-3000k-e-tomadas-100percent-mdf-mabel-castanho_1572585741&amp;u1=website_blog\" target=\"_blank\" rel=\"noreferrer noopener sponsored nofollow\"> Cabeceira com criado-mudo acoplado<\/a><\/h3>\n\n\n\n<p>Modelo mais completo, normalmente vendido em MDF ou MDP. J\u00e1 resolve a parte da cabeceira e dos apoios laterais em uma pe\u00e7a s\u00f3.<\/p>\n\n\n\n<figure class=\"wp-block-image size-full is-resized\"><img loading=\"lazy\" decoding=\"async\" width=\"600\" height=\"450\" src=\"https:\/\/adorocupom.com\/blog\/wp-content\/uploads\/2026\/04\/cabeceira_casal_queen_com_2_mesas_de_cabeceira_led-edited.jpg\" alt=\"\" class=\"wp-image-30700\" style=\"width:405px;height:auto\" srcset=\"https:\/\/adorocupom.com\/blog\/wp-content\/uploads\/2026\/04\/cabeceira_casal_queen_com_2_mesas_de_cabeceira_led-edited.jpg 600w, https:\/\/adorocupom.com\/blog\/wp-content\/uploads\/2026\/04\/cabeceira_casal_queen_com_2_mesas_de_cabeceira_led-edited-300x225.jpg 300w, https:\/\/adorocupom.com\/blog\/wp-content\/uploads\/2026\/04\/cabeceira_casal_queen_com_2_mesas_de_cabeceira_led-edited-80x60.jpg 80w\" sizes=\"auto, (max-width: 600px) 100vw, 600px\" \/><\/figure>\n\n\n\n<p><strong><em><a href=\"https:\/\/click.linksynergy.com\/deeplink?id=CrsagZG%2F1%2Aw&amp;mid=47732&amp;murl=https%3A%2F%2Fwww.leroymerlin.com.br%2Fcabeceira-casal-queen-com-2-mesas-de-cabeceira-led-3000k-e-tomadas-100percent-mdf-mabel-castanho_1572585741&amp;u1=website_blog\" target=\"_blank\" rel=\"noreferrer noopener sponsored nofollow\">Veja Op\u00e7\u00f5es <\/a><\/em><\/strong><\/p>\n\n\n\n<p><strong>Melhor para:<\/strong> quem est\u00e1 montando o quarto do zero.<br><strong>Pesquise por:<\/strong> cabeceira com criado mudo, cabeceira casal com mesas laterais, painel cabeceira com criado.<\/p>\n\n\n\n<p><em>Veja Tamb\u00e9m: <strong><a href=\"https:\/\/adorocupom.com\/blog\/itens-baratos-para-deixar-sua-casa-com-cara-de-pinterest\/\" target=\"_blank\" rel=\"noreferrer noopener sponsored nofollow\">9 Itens Baratos Que Deixam Sua Casa Com Cara de Pinterest em 2026<\/a><\/strong><\/em><\/p>\n\n\n\n<h2 class=\"wp-block-heading\">Como escolher a op\u00e7\u00e3o perfeita para voc\u00ea?<\/h2>\n\n\n\n<p>Avalie o espa\u00e7o dispon\u00edvel e a sua disposi\u00e7\u00e3o para manuten\u00e7\u00e3o. Cabeceiras de tecido ou estofados profundos exigem aspira\u00e7\u00e3o regular para evitar \u00e1caros. J\u00e1 pinturas, papel de parede e estruturas ripadas s\u00e3o f\u00e1ceis de limpar apenas com um pano levemente \u00famido.<\/p>\n\n\n\n<p>Lembre-se de que o mais importante \u00e9 que a sua escolha reflita a sua personalidade e transforme o quarto no seu o\u00e1sis particular. Escolha a sua preferida e m\u00e3os \u00e0 obra!<\/p>\n","protected":false},"excerpt":{"rendered":"<p>Voc\u00ea entra no seu quarto e sente que falta algo? Muitas vezes, o grande segredo de um ambiente com apar\u00eancia&#8230;<\/p>\n","protected":false},"author":5,"featured_media":30703,"comment_status":"open","ping_status":"open","sticky":false,"template":"","format":"standard","meta":{"_yoast_wpseo_title":"","_yoast_wpseo_metadesc":"Veja 8 inspira\u00e7\u00f5es de cabeceiras prontas para transformar seu quarto, com op\u00e7\u00f5es estofadas, ripadas, capiton\u00ea, ba\u00fa e modelos funcionais.","footnotes":""},"categories":[7],"tags":[375],"class_list":["post-30689","post","type-post","status-publish","format-standard","has-post-thumbnail","hentry","category-guias-de-compras","tag-leroy-merlin"],"yoast_head":"<!-- This site is optimized with the Yoast SEO plugin v27.4 - https:\/\/yoast.com\/product\/yoast-seo-wordpress\/ -->\n<title>8 Inspira\u00e7\u00f5es de Cabeceiras Criativas e Estilosas para Revolucionar Seu Quarto - Adoro Cupom Blog<\/title>\n<meta name=\"description\" content=\"Veja 8 inspira\u00e7\u00f5es de cabeceiras prontas para transformar seu quarto, com op\u00e7\u00f5es estofadas, ripadas, capiton\u00ea, ba\u00fa e modelos funcionais.\" \/>\n<meta name=\"robots\" content=\"index, follow, max-snippet:-1, max-image-preview:large, max-video-preview:-1\" \/>\n<link rel=\"canonical\" href=\"https:\/\/adorocupom.com\/blog\/8-inspiracoes-de-cabeceiras-criativas-e-estilosas-para-revolucionar-seu-quarto\/\" \/>\n<meta property=\"og:locale\" content=\"pt_BR\" \/>\n<meta property=\"og:type\" content=\"article\" \/>\n<meta property=\"og:title\" content=\"8 Inspira\u00e7\u00f5es de Cabeceiras Criativas e Estilosas para Revolucionar Seu Quarto - Adoro Cupom Blog\" \/>\n<meta property=\"og:description\" content=\"Veja 8 inspira\u00e7\u00f5es de cabeceiras prontas para transformar seu quarto, com op\u00e7\u00f5es estofadas, ripadas, capiton\u00ea, ba\u00fa e modelos funcionais.\" \/>\n<meta property=\"og:url\" content=\"https:\/\/adorocupom.com\/blog\/8-inspiracoes-de-cabeceiras-criativas-e-estilosas-para-revolucionar-seu-quarto\/\" \/>\n<meta property=\"og:site_name\" content=\"Adoro Cupom Blog\" \/>\n<meta property=\"article:publisher\" content=\"https:\/\/www.facebook.com\/adorocupombr\" \/>\n<meta property=\"article:published_time\" content=\"2026-04-29T17:29:16+00:00\" \/>\n<meta property=\"article:modified_time\" content=\"2026-04-29T17:29:28+00:00\" \/>\n<meta property=\"og:image\" content=\"https:\/\/adorocupom.com\/blog\/wp-content\/uploads\/2026\/04\/ChatGPT-Image-29-de-abr.-de-2026-14_28_14-scaled.png\" \/>\n\t<meta property=\"og:image:width\" content=\"1200\" \/>\n\t<meta property=\"og:image:height\" content=\"675\" \/>\n\t<meta property=\"og:image:type\" content=\"image\/png\" \/>\n<meta name=\"author\" content=\"Vit\u00f3ria\" \/>\n<meta name=\"twitter:card\" content=\"summary_large_image\" \/>\n<meta name=\"twitter:creator\" content=\"@adorocupombr\" \/>\n<meta name=\"twitter:site\" content=\"@adorocupombr\" \/>\n<meta name=\"twitter:label1\" content=\"Escrito por\" \/>\n\t<meta name=\"twitter:data1\" content=\"Vit\u00f3ria\" \/>\n\t<meta name=\"twitter:label2\" content=\"Est. tempo de leitura\" \/>\n\t<meta name=\"twitter:data2\" content=\"6 minutos\" \/>\n<script type=\"application\/ld+json\" class=\"yoast-schema-graph\">{\"@context\":\"https:\\\/\\\/schema.org\",\"@graph\":[{\"@type\":\"Article\",\"@id\":\"https:\\\/\\\/adorocupom.com\\\/blog\\\/8-inspiracoes-de-cabeceiras-criativas-e-estilosas-para-revolucionar-seu-quarto\\\/#article\",\"isPartOf\":{\"@id\":\"https:\\\/\\\/adorocupom.com\\\/blog\\\/8-inspiracoes-de-cabeceiras-criativas-e-estilosas-para-revolucionar-seu-quarto\\\/\"},\"author\":{\"name\":\"Vit\u00f3ria\",\"@id\":\"https:\\\/\\\/adorocupom.com\\\/blog\\\/#\\\/schema\\\/person\\\/58d1ddf6d8da378ef0712855eb14157c\"},\"headline\":\"8 Inspira\u00e7\u00f5es de Cabeceiras Criativas e Estilosas para Revolucionar Seu Quarto\",\"datePublished\":\"2026-04-29T17:29:16+00:00\",\"dateModified\":\"2026-04-29T17:29:28+00:00\",\"mainEntityOfPage\":{\"@id\":\"https:\\\/\\\/adorocupom.com\\\/blog\\\/8-inspiracoes-de-cabeceiras-criativas-e-estilosas-para-revolucionar-seu-quarto\\\/\"},\"wordCount\":684,\"commentCount\":0,\"publisher\":{\"@id\":\"https:\\\/\\\/adorocupom.com\\\/blog\\\/#organization\"},\"image\":{\"@id\":\"https:\\\/\\\/adorocupom.com\\\/blog\\\/8-inspiracoes-de-cabeceiras-criativas-e-estilosas-para-revolucionar-seu-quarto\\\/#primaryimage\"},\"thumbnailUrl\":\"https:\\\/\\\/adorocupom.com\\\/blog\\\/wp-content\\\/uploads\\\/2026\\\/04\\\/ChatGPT-Image-29-de-abr.-de-2026-14_28_14-scaled.png\",\"keywords\":[\"leroy-merlin\"],\"articleSection\":[\"Guias de compras\"],\"inLanguage\":\"pt-BR\",\"potentialAction\":[{\"@type\":\"CommentAction\",\"name\":\"Comment\",\"target\":[\"https:\\\/\\\/adorocupom.com\\\/blog\\\/8-inspiracoes-de-cabeceiras-criativas-e-estilosas-para-revolucionar-seu-quarto\\\/#respond\"]}]},{\"@type\":\"WebPage\",\"@id\":\"https:\\\/\\\/adorocupom.com\\\/blog\\\/8-inspiracoes-de-cabeceiras-criativas-e-estilosas-para-revolucionar-seu-quarto\\\/\",\"url\":\"https:\\\/\\\/adorocupom.com\\\/blog\\\/8-inspiracoes-de-cabeceiras-criativas-e-estilosas-para-revolucionar-seu-quarto\\\/\",\"name\":\"8 Inspira\u00e7\u00f5es de Cabeceiras Criativas e Estilosas para Revolucionar Seu Quarto - Adoro Cupom Blog\",\"isPartOf\":{\"@id\":\"https:\\\/\\\/adorocupom.com\\\/blog\\\/#website\"},\"primaryImageOfPage\":{\"@id\":\"https:\\\/\\\/adorocupom.com\\\/blog\\\/8-inspiracoes-de-cabeceiras-criativas-e-estilosas-para-revolucionar-seu-quarto\\\/#primaryimage\"},\"image\":{\"@id\":\"https:\\\/\\\/adorocupom.com\\\/blog\\\/8-inspiracoes-de-cabeceiras-criativas-e-estilosas-para-revolucionar-seu-quarto\\\/#primaryimage\"},\"thumbnailUrl\":\"https:\\\/\\\/adorocupom.com\\\/blog\\\/wp-content\\\/uploads\\\/2026\\\/04\\\/ChatGPT-Image-29-de-abr.-de-2026-14_28_14-scaled.png\",\"datePublished\":\"2026-04-29T17:29:16+00:00\",\"dateModified\":\"2026-04-29T17:29:28+00:00\",\"description\":\"Veja 8 inspira\u00e7\u00f5es de cabeceiras prontas para transformar seu quarto, com op\u00e7\u00f5es estofadas, ripadas, capiton\u00ea, ba\u00fa e modelos funcionais.\",\"breadcrumb\":{\"@id\":\"https:\\\/\\\/adorocupom.com\\\/blog\\\/8-inspiracoes-de-cabeceiras-criativas-e-estilosas-para-revolucionar-seu-quarto\\\/#breadcrumb\"},\"inLanguage\":\"pt-BR\",\"potentialAction\":[{\"@type\":\"ReadAction\",\"target\":[\"https:\\\/\\\/adorocupom.com\\\/blog\\\/8-inspiracoes-de-cabeceiras-criativas-e-estilosas-para-revolucionar-seu-quarto\\\/\"]}]},{\"@type\":\"ImageObject\",\"inLanguage\":\"pt-BR\",\"@id\":\"https:\\\/\\\/adorocupom.com\\\/blog\\\/8-inspiracoes-de-cabeceiras-criativas-e-estilosas-para-revolucionar-seu-quarto\\\/#primaryimage\",\"url\":\"https:\\\/\\\/adorocupom.com\\\/blog\\\/wp-content\\\/uploads\\\/2026\\\/04\\\/ChatGPT-Image-29-de-abr.-de-2026-14_28_14-scaled.png\",\"contentUrl\":\"https:\\\/\\\/adorocupom.com\\\/blog\\\/wp-content\\\/uploads\\\/2026\\\/04\\\/ChatGPT-Image-29-de-abr.-de-2026-14_28_14-scaled.png\",\"width\":1200,\"height\":675,\"caption\":\"V\u00e1rios op\u00e7\u00f5es de modelos de cabeceiras.\"},{\"@type\":\"BreadcrumbList\",\"@id\":\"https:\\\/\\\/adorocupom.com\\\/blog\\\/8-inspiracoes-de-cabeceiras-criativas-e-estilosas-para-revolucionar-seu-quarto\\\/#breadcrumb\",\"itemListElement\":[{\"@type\":\"ListItem\",\"position\":1,\"name\":\"Home\",\"item\":\"https:\\\/\\\/adorocupom.com\\\/blog\\\/\"},{\"@type\":\"ListItem\",\"position\":2,\"name\":\"8 Inspira\u00e7\u00f5es de Cabeceiras Criativas e Estilosas para Revolucionar Seu Quarto\"}]},{\"@type\":\"WebSite\",\"@id\":\"https:\\\/\\\/adorocupom.com\\\/blog\\\/#website\",\"url\":\"https:\\\/\\\/adorocupom.com\\\/blog\\\/\",\"name\":\"Adoro Cupom Blog\",\"description\":\"\",\"publisher\":{\"@id\":\"https:\\\/\\\/adorocupom.com\\\/blog\\\/#organization\"},\"potentialAction\":[{\"@type\":\"SearchAction\",\"target\":{\"@type\":\"EntryPoint\",\"urlTemplate\":\"https:\\\/\\\/adorocupom.com\\\/blog\\\/?s={search_term_string}\"},\"query-input\":{\"@type\":\"PropertyValueSpecification\",\"valueRequired\":true,\"valueName\":\"search_term_string\"}}],\"inLanguage\":\"pt-BR\"},{\"@type\":\"Organization\",\"@id\":\"https:\\\/\\\/adorocupom.com\\\/blog\\\/#organization\",\"name\":\"Adoro Cupom Blog\",\"url\":\"https:\\\/\\\/adorocupom.com\\\/blog\\\/\",\"logo\":{\"@type\":\"ImageObject\",\"inLanguage\":\"pt-BR\",\"@id\":\"https:\\\/\\\/adorocupom.com\\\/blog\\\/#\\\/schema\\\/logo\\\/image\\\/\",\"url\":\"https:\\\/\\\/adorocupom.com\\\/blog\\\/wp-content\\\/uploads\\\/2026\\\/04\\\/logo-adorocupom-scaled.png\",\"contentUrl\":\"https:\\\/\\\/adorocupom.com\\\/blog\\\/wp-content\\\/uploads\\\/2026\\\/04\\\/logo-adorocupom-scaled.png\",\"width\":1200,\"height\":438,\"caption\":\"Adoro Cupom Blog\"},\"image\":{\"@id\":\"https:\\\/\\\/adorocupom.com\\\/blog\\\/#\\\/schema\\\/logo\\\/image\\\/\"},\"sameAs\":[\"https:\\\/\\\/www.facebook.com\\\/adorocupombr\",\"https:\\\/\\\/x.com\\\/adorocupombr\",\"https:\\\/\\\/www.instagram.com\\\/adorocupom\"]},{\"@type\":\"Person\",\"@id\":\"https:\\\/\\\/adorocupom.com\\\/blog\\\/#\\\/schema\\\/person\\\/58d1ddf6d8da378ef0712855eb14157c\",\"name\":\"Vit\u00f3ria\",\"image\":{\"@type\":\"ImageObject\",\"inLanguage\":\"pt-BR\",\"@id\":\"https:\\\/\\\/secure.gravatar.com\\\/avatar\\\/7242c5496a7ad320a3daef50846496960117e3ab217cd78121648c5b6d89db19?s=96&d=mm&r=g\",\"url\":\"https:\\\/\\\/secure.gravatar.com\\\/avatar\\\/7242c5496a7ad320a3daef50846496960117e3ab217cd78121648c5b6d89db19?s=96&d=mm&r=g\",\"contentUrl\":\"https:\\\/\\\/secure.gravatar.com\\\/avatar\\\/7242c5496a7ad320a3daef50846496960117e3ab217cd78121648c5b6d89db19?s=96&d=mm&r=g\",\"caption\":\"Vit\u00f3ria\"},\"description\":\"Sou publicit\u00e1ria e editora de conte\u00fado do AdoroCupom. Sou questionadora por natureza, e \u00e9 justamente isso que me leva a investigar, testar e traduzir informa\u00e7\u00f5es em guias, comparativos e an\u00e1lises que facilitam sua vida na hora de pesquisar, escolher e comprar online, sempre com conte\u00fado claro, \u00fatil e atualizado para voc\u00ea decidir com mais confian\u00e7a.\"}]}<\/script>\n<!-- \/ Yoast SEO plugin. -->","yoast_head_json":{"title":"8 Inspira\u00e7\u00f5es de Cabeceiras Criativas e Estilosas para Revolucionar Seu Quarto - Adoro Cupom Blog","description":"Veja 8 inspira\u00e7\u00f5es de cabeceiras prontas para transformar seu quarto, com op\u00e7\u00f5es estofadas, ripadas, capiton\u00ea, ba\u00fa e modelos funcionais.","robots":{"index":"index","follow":"follow","max-snippet":"max-snippet:-1","max-image-preview":"max-image-preview:large","max-video-preview":"max-video-preview:-1"},"canonical":"https:\/\/adorocupom.com\/blog\/8-inspiracoes-de-cabeceiras-criativas-e-estilosas-para-revolucionar-seu-quarto\/","og_locale":"pt_BR","og_type":"article","og_title":"8 Inspira\u00e7\u00f5es de Cabeceiras Criativas e Estilosas para Revolucionar Seu Quarto - Adoro Cupom Blog","og_description":"Veja 8 inspira\u00e7\u00f5es de cabeceiras prontas para transformar seu quarto, com op\u00e7\u00f5es estofadas, ripadas, capiton\u00ea, ba\u00fa e modelos funcionais.","og_url":"https:\/\/adorocupom.com\/blog\/8-inspiracoes-de-cabeceiras-criativas-e-estilosas-para-revolucionar-seu-quarto\/","og_site_name":"Adoro Cupom Blog","article_publisher":"https:\/\/www.facebook.com\/adorocupombr","article_published_time":"2026-04-29T17:29:16+00:00","article_modified_time":"2026-04-29T17:29:28+00:00","og_image":[{"width":1200,"height":675,"url":"https:\/\/adorocupom.com\/blog\/wp-content\/uploads\/2026\/04\/ChatGPT-Image-29-de-abr.-de-2026-14_28_14-scaled.png","type":"image\/png"}],"author":"Vit\u00f3ria","twitter_card":"summary_large_image","twitter_creator":"@adorocupombr","twitter_site":"@adorocupombr","twitter_misc":{"Escrito por":"Vit\u00f3ria","Est. tempo de leitura":"6 minutos"},"schema":{"@context":"https:\/\/schema.org","@graph":[{"@type":"Article","@id":"https:\/\/adorocupom.com\/blog\/8-inspiracoes-de-cabeceiras-criativas-e-estilosas-para-revolucionar-seu-quarto\/#article","isPartOf":{"@id":"https:\/\/adorocupom.com\/blog\/8-inspiracoes-de-cabeceiras-criativas-e-estilosas-para-revolucionar-seu-quarto\/"},"author":{"name":"Vit\u00f3ria","@id":"https:\/\/adorocupom.com\/blog\/#\/schema\/person\/58d1ddf6d8da378ef0712855eb14157c"},"headline":"8 Inspira\u00e7\u00f5es de Cabeceiras Criativas e Estilosas para Revolucionar Seu Quarto","datePublished":"2026-04-29T17:29:16+00:00","dateModified":"2026-04-29T17:29:28+00:00","mainEntityOfPage":{"@id":"https:\/\/adorocupom.com\/blog\/8-inspiracoes-de-cabeceiras-criativas-e-estilosas-para-revolucionar-seu-quarto\/"},"wordCount":684,"commentCount":0,"publisher":{"@id":"https:\/\/adorocupom.com\/blog\/#organization"},"image":{"@id":"https:\/\/adorocupom.com\/blog\/8-inspiracoes-de-cabeceiras-criativas-e-estilosas-para-revolucionar-seu-quarto\/#primaryimage"},"thumbnailUrl":"https:\/\/adorocupom.com\/blog\/wp-content\/uploads\/2026\/04\/ChatGPT-Image-29-de-abr.-de-2026-14_28_14-scaled.png","keywords":["leroy-merlin"],"articleSection":["Guias de compras"],"inLanguage":"pt-BR","potentialAction":[{"@type":"CommentAction","name":"Comment","target":["https:\/\/adorocupom.com\/blog\/8-inspiracoes-de-cabeceiras-criativas-e-estilosas-para-revolucionar-seu-quarto\/#respond"]}]},{"@type":"WebPage","@id":"https:\/\/adorocupom.com\/blog\/8-inspiracoes-de-cabeceiras-criativas-e-estilosas-para-revolucionar-seu-quarto\/","url":"https:\/\/adorocupom.com\/blog\/8-inspiracoes-de-cabeceiras-criativas-e-estilosas-para-revolucionar-seu-quarto\/","name":"8 Inspira\u00e7\u00f5es de Cabeceiras Criativas e Estilosas para Revolucionar Seu Quarto - Adoro Cupom Blog","isPartOf":{"@id":"https:\/\/adorocupom.com\/blog\/#website"},"primaryImageOfPage":{"@id":"https:\/\/adorocupom.com\/blog\/8-inspiracoes-de-cabeceiras-criativas-e-estilosas-para-revolucionar-seu-quarto\/#primaryimage"},"image":{"@id":"https:\/\/adorocupom.com\/blog\/8-inspiracoes-de-cabeceiras-criativas-e-estilosas-para-revolucionar-seu-quarto\/#primaryimage"},"thumbnailUrl":"https:\/\/adorocupom.com\/blog\/wp-content\/uploads\/2026\/04\/ChatGPT-Image-29-de-abr.-de-2026-14_28_14-scaled.png","datePublished":"2026-04-29T17:29:16+00:00","dateModified":"2026-04-29T17:29:28+00:00","description":"Veja 8 inspira\u00e7\u00f5es de cabeceiras prontas para transformar seu quarto, com op\u00e7\u00f5es estofadas, ripadas, capiton\u00ea, ba\u00fa e modelos funcionais.","breadcrumb":{"@id":"https:\/\/adorocupom.com\/blog\/8-inspiracoes-de-cabeceiras-criativas-e-estilosas-para-revolucionar-seu-quarto\/#breadcrumb"},"inLanguage":"pt-BR","potentialAction":[{"@type":"ReadAction","target":["https:\/\/adorocupom.com\/blog\/8-inspiracoes-de-cabeceiras-criativas-e-estilosas-para-revolucionar-seu-quarto\/"]}]},{"@type":"ImageObject","inLanguage":"pt-BR","@id":"https:\/\/adorocupom.com\/blog\/8-inspiracoes-de-cabeceiras-criativas-e-estilosas-para-revolucionar-seu-quarto\/#primaryimage","url":"https:\/\/adorocupom.com\/blog\/wp-content\/uploads\/2026\/04\/ChatGPT-Image-29-de-abr.-de-2026-14_28_14-scaled.png","contentUrl":"https:\/\/adorocupom.com\/blog\/wp-content\/uploads\/2026\/04\/ChatGPT-Image-29-de-abr.-de-2026-14_28_14-scaled.png","width":1200,"height":675,"caption":"V\u00e1rios op\u00e7\u00f5es de modelos de cabeceiras."},{"@type":"BreadcrumbList","@id":"https:\/\/adorocupom.com\/blog\/8-inspiracoes-de-cabeceiras-criativas-e-estilosas-para-revolucionar-seu-quarto\/#breadcrumb","itemListElement":[{"@type":"ListItem","position":1,"name":"Home","item":"https:\/\/adorocupom.com\/blog\/"},{"@type":"ListItem","position":2,"name":"8 Inspira\u00e7\u00f5es de Cabeceiras Criativas e Estilosas para Revolucionar Seu Quarto"}]},{"@type":"WebSite","@id":"https:\/\/adorocupom.com\/blog\/#website","url":"https:\/\/adorocupom.com\/blog\/","name":"Adoro Cupom Blog","description":"","publisher":{"@id":"https:\/\/adorocupom.com\/blog\/#organization"},"potentialAction":[{"@type":"SearchAction","target":{"@type":"EntryPoint","urlTemplate":"https:\/\/adorocupom.com\/blog\/?s={search_term_string}"},"query-input":{"@type":"PropertyValueSpecification","valueRequired":true,"valueName":"search_term_string"}}],"inLanguage":"pt-BR"},{"@type":"Organization","@id":"https:\/\/adorocupom.com\/blog\/#organization","name":"Adoro Cupom Blog","url":"https:\/\/adorocupom.com\/blog\/","logo":{"@type":"ImageObject","inLanguage":"pt-BR","@id":"https:\/\/adorocupom.com\/blog\/#\/schema\/logo\/image\/","url":"https:\/\/adorocupom.com\/blog\/wp-content\/uploads\/2026\/04\/logo-adorocupom-scaled.png","contentUrl":"https:\/\/adorocupom.com\/blog\/wp-content\/uploads\/2026\/04\/logo-adorocupom-scaled.png","width":1200,"height":438,"caption":"Adoro Cupom Blog"},"image":{"@id":"https:\/\/adorocupom.com\/blog\/#\/schema\/logo\/image\/"},"sameAs":["https:\/\/www.facebook.com\/adorocupombr","https:\/\/x.com\/adorocupombr","https:\/\/www.instagram.com\/adorocupom"]},{"@type":"Person","@id":"https:\/\/adorocupom.com\/blog\/#\/schema\/person\/58d1ddf6d8da378ef0712855eb14157c","name":"Vit\u00f3ria","image":{"@type":"ImageObject","inLanguage":"pt-BR","@id":"https:\/\/secure.gravatar.com\/avatar\/7242c5496a7ad320a3daef50846496960117e3ab217cd78121648c5b6d89db19?s=96&d=mm&r=g","url":"https:\/\/secure.gravatar.com\/avatar\/7242c5496a7ad320a3daef50846496960117e3ab217cd78121648c5b6d89db19?s=96&d=mm&r=g","contentUrl":"https:\/\/secure.gravatar.com\/avatar\/7242c5496a7ad320a3daef50846496960117e3ab217cd78121648c5b6d89db19?s=96&d=mm&r=g","caption":"Vit\u00f3ria"},"description":"Sou publicit\u00e1ria e editora de conte\u00fado do AdoroCupom. Sou questionadora por natureza, e \u00e9 justamente isso que me leva a investigar, testar e traduzir informa\u00e7\u00f5es em guias, comparativos e an\u00e1lises que facilitam sua vida na hora de pesquisar, escolher e comprar online, sempre com conte\u00fado claro, \u00fatil e atualizado para voc\u00ea decidir com mais confian\u00e7a."}]}},"_links":{"self":[{"href":"https:\/\/adorocupom.com\/blog\/wp-json\/wp\/v2\/posts\/30689","targetHints":{"allow":["GET"]}}],"collection":[{"href":"https:\/\/adorocupom.com\/blog\/wp-json\/wp\/v2\/posts"}],"about":[{"href":"https:\/\/adorocupom.com\/blog\/wp-json\/wp\/v2\/types\/post"}],"author":[{"embeddable":true,"href":"https:\/\/adorocupom.com\/blog\/wp-json\/wp\/v2\/users\/5"}],"replies":[{"embeddable":true,"href":"https:\/\/adorocupom.com\/blog\/wp-json\/wp\/v2\/comments?post=30689"}],"version-history":[{"count":1,"href":"https:\/\/adorocupom.com\/blog\/wp-json\/wp\/v2\/posts\/30689\/revisions"}],"predecessor-version":[{"id":30704,"href":"https:\/\/adorocupom.com\/blog\/wp-json\/wp\/v2\/posts\/30689\/revisions\/30704"}],"wp:featuredmedia":[{"embeddable":true,"href":"https:\/\/adorocupom.com\/blog\/wp-json\/wp\/v2\/media\/30703"}],"wp:attachment":[{"href":"https:\/\/adorocupom.com\/blog\/wp-json\/wp\/v2\/media?parent=30689"}],"wp:term":[{"taxonomy":"category","embeddable":true,"href":"https:\/\/adorocupom.com\/blog\/wp-json\/wp\/v2\/categories?post=30689"},{"taxonomy":"post_tag","embeddable":true,"href":"https:\/\/adorocupom.com\/blog\/wp-json\/wp\/v2\/tags?post=30689"}],"curies":[{"name":"wp","href":"https:\/\/api.w.org\/{rel}","templated":true}]}}